{"id":126521,"date":"2023-09-02T10:16:40","date_gmt":"2023-09-02T13:16:40","guid":{"rendered":"https:\/\/vinasfm.com\/noticias\/?p=126521"},"modified":"2023-09-04T09:48:31","modified_gmt":"2023-09-04T12:48:31","slug":"propuestas-para-el-agro-en-un-foro-parisi-presento-16-ideas-clave","status":"publish","type":"post","link":"https:\/\/vinasfm.com\/noticias\/propuestas-para-el-agro-en-un-foro-parisi-presento-16-ideas-clave\/","title":{"rendered":"PROPUESTAS PARA EL AGRO: EN UN FORO PARISI PRESENT\u00d3 16 IDEAS CLAVE"},"content":{"rendered":"<p><strong>Propuestas para el agro: en un foro Parisi present\u00f3 16 ideas clave<\/strong><\/p>\n<p>En el Centro de Congreso y Exposiciones se debatieron ejes centrales de la actividad agropecuaria como tecnolog\u00eda e innovaci\u00f3n, precios justos, promoci\u00f3n del asociativismo, acceso al agua, l\u00edneas de financiamiento, arraigo rural y alimentos m\u00e1s sanos.<\/p>\n<p>La f\u00f3rmula para la gobernaci\u00f3n de Mendoza por el frente Eleg\u00ed, Omar Parisi y Lucas Ilardo, particip\u00f3 este viernes del Foro Agroalimentario donde se presentaron los principales lineamientos del proyecto peronista para el sector productivo. Llevaron adelante el debate la candidata a diputada nacional Mar\u00eda Amalia Granata, Gabriela Lizana (BICE), el legislador Bruno Ceschin, el titular del INV, Mart\u00edn Hinojosa, el referente de la UST, Diego Mont\u00f3n, el candidato del Parlasur, Lautaro Cruciani y el ingeniero agr\u00f3nomo Mart\u00edn Betancud. Tambi\u00e9n siguieron la discusi\u00f3n los legisladores nacionales Adolfo Bermejo, Anabel Fern\u00e1ndez Sagasti y Marisa Uceda.<\/p>\n<p>Sobre el cierre de la jornada, Parisi coment\u00f3 <strong><em>\u201ceste gobierno abandon\u00f3 al sector agropecuario que se contrajo un 15% en 6 a\u00f1os,y en 7 a\u00f1os se perdieron 12.000 ha vitivin\u00edcolas en la provincia, nosotros vamos a revertir esta situaci\u00f3n, y lo vamos a hacer trabajando\u201d.<\/em><\/strong><\/p>\n<p>En el mismo sentido, Granata habl\u00f3 de la falta de rentabilidad en el sector primario y conveniente a la hora del acceso a insumos, por eso son tan necesarias herramientas como las que surgieron del Foro.<br \/>\nDentro de las propuestas debatidas se present\u00f3 la idea de generar un Polo Biotecnol\u00f3gico: para producir y comercializar gen\u00e9tica, semillas, bioinsumos, tecnolog\u00eda e inteligencia artificial aplicada a la producci\u00f3n; que permitan el desacople de los insumos y los paquetes tecnol\u00f3gicos dolarizados en los costos de producci\u00f3n.<\/p>\n<p>En cuanto a los precios se habl\u00f3 de proyectar un observatorio de precios frutihort\u00edcolas que referencias por tipo de producto y forma de producci\u00f3n, que permitan al productor vender a un precio justo. En consonancia con eso, se dialog\u00f3 sobre la importancia de promover el asociativismo con varios mecanismos. Entre ellos, generar una empresa mendocina de alimentos con foco en las pymes, cooperativas y organizaciones de productores capaz de homologar productos, comerciarlos e impulsar la exportaci\u00f3n.<\/p>\n<p>El acceso al agua fue tema de agenda y se habl\u00f3 de un plan de optimizaci\u00f3n basado en tres puntos centrales: gesti\u00f3n del agua, banco de proyectos e incorporaci\u00f3n de tecnolog\u00eda.<br \/>\nSobre el financiamiento para la producci\u00f3n se present\u00f3 la idea de una ventanilla \u00fanica para la promoci\u00f3n de financiamiento agropecuarios, tasas accesibles para inversiones productivas y un plan provincial de fondos rotatorios.<br \/>\nEn tanto, el arraigo rural para sostener las oportunidades para el sector productivo fue clave a la hora de comentar el programa provincial de regularizaci\u00f3n dominial y vivienda rural en distintos departamentos de la provincia.<br \/>\nLa importancia de generar alimentos m\u00e1s sanos fue uno de los temas importantes de la jornada en cuanto a la necesidad de promover la producci\u00f3n agroecol\u00f3gica y la elaboraci\u00f3n de bioinsumos, de forma local.<\/p>\n<p><a href=\"https:\/\/vinasfm.com\/noticias\/wp-content\/uploads\/2023\/09\/80dce544-c12a-47bc-a34e-92fea246d32e.jpg\"><img loading=\"lazy\" decoding=\"async\" class=\"alignnone size-medium wp-image-126524\" src=\"https:\/\/vinasfm.com\/noticias\/wp-content\/uploads\/2023\/09\/80dce544-c12a-47bc-a34e-92fea246d32e-300x202.jpg\" alt=\"\" width=\"300\" height=\"202\" srcset=\"https:\/\/vinasfm.com\/noticias\/wp-content\/uploads\/2023\/09\/80dce544-c12a-47bc-a34e-92fea246d32e-300x202.jpg 300w, https:\/\/vinasfm.com\/noticias\/wp-content\/uploads\/2023\/09\/80dce544-c12a-47bc-a34e-92fea246d32e-1024x689.jpg 1024w, https:\/\/vinasfm.com\/noticias\/wp-content\/uploads\/2023\/09\/80dce544-c12a-47bc-a34e-92fea246d32e-768x517.jpg 768w, https:\/\/vinasfm.com\/noticias\/wp-content\/uploads\/2023\/09\/80dce544-c12a-47bc-a34e-92fea246d32e-1536x1034.jpg 1536w, https:\/\/vinasfm.com\/noticias\/wp-content\/uploads\/2023\/09\/80dce544-c12a-47bc-a34e-92fea246d32e.jpg 1600w\" sizes=\"auto, (max-width: 300px) 100vw, 300px\" \/><\/a><\/p>\n<h2>Algunas de las propuestas sectoriales<\/h2>\n<h3>Vitivin\u00edcola\/frut\u00edcola<\/h3>\n<p>-Fomento de las exportaciones: a partir del fortalecimiento y ampliaci\u00f3n de capacidades de promendoza<br \/>\n-Defensa de las retenciones \u201c0\u201d para el sector agroindustrial de econom\u00edas regionales<br \/>\n-Contratos productivos vinculados a precio m\u00ednimo de referencia que garantice sustentabilidad a la producci\u00f3n primaria.<\/p>\n<h3>Horticultura<\/h3>\n<p>-Ente provincial hort\u00edcola: en el cual se registren las hect\u00e1reas sembradas cada a\u00f1o y los quintales producidos a fin de brindar trazabilidad y previsibilidad al sector.<br \/>\n-Programa de regularizaci\u00f3n dominial y contractual de predios hort\u00edcolas.<br \/>\n-Convenio con organismos de ciencia y t\u00e9cnica que permitan mejorar la calidad y la accesibilidad a semillas y productos hort\u00edcolas.<\/p>\n<h3>Ganadero<\/h3>\n<p>-Fideicomiso ganadero: con el objetivo de estimular la inversi\u00f3n privada en un sector productivo con alto potencial de rentabilidad en la provincia.<br \/>\n-Consorcio ganadero: con el objetivo de fomentar la producci\u00f3n de forrajes y pasturas y engorde de animales en la provincia de mendoza<br \/>\n-Programa de gen\u00e9tica y fertilizaci\u00f3n ganadera que permita mejorar los \u00edndices de pre\u00f1ez y engorde en la provincia.<\/p>\n","protected":false},"excerpt":{"rendered":"<p>Propuestas para el agro: en un foro Parisi present\u00f3 16 ideas clave En el Centro de Congreso y Exposiciones se debatieron &#8230;<\/p>\n","protected":false},"author":7,"featured_media":126523,"comment_status":"open","ping_status":"open","sticky":false,"template":"","format":"standard","meta":{"footnotes":""},"categories":[5,7],"tags":[],"class_list":["post-126521","post","type-post","status-publish","format-standard","has-post-thumbnail","hentry","category-actualidad","category-politica"],"_links":{"self":[{"href":"https:\/\/vinasfm.com\/noticias\/wp-json\/wp\/v2\/posts\/126521","targetHints":{"allow":["GET"]}}],"collection":[{"href":"https:\/\/vinasfm.com\/noticias\/wp-json\/wp\/v2\/posts"}],"about":[{"href":"https:\/\/vinasfm.com\/noticias\/wp-json\/wp\/v2\/types\/post"}],"author":[{"embeddable":true,"href":"https:\/\/vinasfm.com\/noticias\/wp-json\/wp\/v2\/users\/7"}],"replies":[{"embeddable":true,"href":"https:\/\/vinasfm.com\/noticias\/wp-json\/wp\/v2\/comments?post=126521"}],"version-history":[{"count":2,"href":"https:\/\/vinasfm.com\/noticias\/wp-json\/wp\/v2\/posts\/126521\/revisions"}],"predecessor-version":[{"id":126525,"href":"https:\/\/vinasfm.com\/noticias\/wp-json\/wp\/v2\/posts\/126521\/revisions\/126525"}],"wp:featuredmedia":[{"embeddable":true,"href":"https:\/\/vinasfm.com\/noticias\/wp-json\/wp\/v2\/media\/126523"}],"wp:attachment":[{"href":"https:\/\/vinasfm.com\/noticias\/wp-json\/wp\/v2\/media?parent=126521"}],"wp:term":[{"taxonomy":"category","embeddable":true,"href":"https:\/\/vinasfm.com\/noticias\/wp-json\/wp\/v2\/categories?post=126521"},{"taxonomy":"post_tag","embeddable":true,"href":"https:\/\/vinasfm.com\/noticias\/wp-json\/wp\/v2\/tags?post=126521"}],"curies":[{"name":"wp","href":"https:\/\/api.w.org\/{rel}","templated":true}]}}