{"id":126512,"date":"2023-09-02T09:04:07","date_gmt":"2023-09-02T12:04:07","guid":{"rendered":"https:\/\/vinasfm.com\/noticias\/?p=126512"},"modified":"2023-09-04T09:48:55","modified_gmt":"2023-09-04T12:48:55","slug":"preocupacion-por-el-aumento-de-casos-de-covid-19","status":"publish","type":"post","link":"https:\/\/vinasfm.com\/noticias\/preocupacion-por-el-aumento-de-casos-de-covid-19\/","title":{"rendered":"PREOCUPACI\u00d3N POR EL AUMENTO DE CASOS DE COVID-19"},"content":{"rendered":"<p><strong>El Director del Hospital Enfermeros Argentinos, Alejandro Torres, explic\u00f3 c\u00f3mo est\u00e1n trabajando ante est\u00e1 situaci\u00f3n.<\/strong><\/p>\n<p>\u00ab<em><strong>La sintomatolog\u00eda del Covid-19 es muy similar a todas las patolog\u00edas respiratorias que habitualmente ten\u00edamos, como lo son un cuadro gripal, bronquitis u otro tipo de neumon\u00eda bacteriana\u00bb<\/strong><\/em>, comenz\u00f3 explicando el doctor y contin\u00fao <em><strong>\u00abtenemos que ser consciente de que la pandemia no ha terminado. El Covid-19 sigue estando entre nosotros pero afortunadamente la gravedad del infectado ha cambiado gracias a la vacunaci\u00f3n\u00bb<\/strong><\/em>. Adem\u00e1s, se\u00f1al\u00f3 que en la actualidad <em><strong>\u00abhay internados por con neumon\u00eda unilateral y bilateral, pero no son casos de gravedad ni producen la muerte\u00bb.<\/strong><\/em><\/p>\n<p>Torres, record\u00f3 que<strong><em> \u00abdesde el 20 de agosto se vio un incremento en patolog\u00edas respiratorias que se esperaban\u00bb.<\/em> <\/strong>A modo de prevenci\u00f3n, aclar\u00f3 que a\u00fan contin\u00faan realizando vacunaciones e hisopados; <strong><em>\u00abcuando ingresa un paciente por una neumon\u00eda se realiza una radiograf\u00eda, si se detectan caracter\u00edsticas de Covid se realiza un hisopado\u00bb.<\/em><\/strong><\/p>\n<p><em><strong>\u00abAntes est\u00e1bamos desordenados, las circunstancias nos llevaron a estar m\u00e1s preparados y hoy sabemos c\u00f3mo tratarlo y enfrentarlo\u00bb<\/strong><\/em>, subray\u00f3 el Director del nosocomio local.<\/p>\n<p><a href=\"https:\/\/vinasfm.com\/noticias\/wp-content\/uploads\/2023\/09\/IMG-20230901-WA0028.jpg\"><img loading=\"lazy\" decoding=\"async\" class=\"alignnone size-medium wp-image-126514\" src=\"https:\/\/vinasfm.com\/noticias\/wp-content\/uploads\/2023\/09\/IMG-20230901-WA0028-300x169.jpg\" alt=\"\" width=\"300\" height=\"169\" srcset=\"https:\/\/vinasfm.com\/noticias\/wp-content\/uploads\/2023\/09\/IMG-20230901-WA0028-300x169.jpg 300w, https:\/\/vinasfm.com\/noticias\/wp-content\/uploads\/2023\/09\/IMG-20230901-WA0028-1024x577.jpg 1024w, https:\/\/vinasfm.com\/noticias\/wp-content\/uploads\/2023\/09\/IMG-20230901-WA0028-768x432.jpg 768w, https:\/\/vinasfm.com\/noticias\/wp-content\/uploads\/2023\/09\/IMG-20230901-WA0028-1536x865.jpg 1536w, https:\/\/vinasfm.com\/noticias\/wp-content\/uploads\/2023\/09\/IMG-20230901-WA0028-750x420.jpg 750w, https:\/\/vinasfm.com\/noticias\/wp-content\/uploads\/2023\/09\/IMG-20230901-WA0028-1140x641.jpg 1140w, https:\/\/vinasfm.com\/noticias\/wp-content\/uploads\/2023\/09\/IMG-20230901-WA0028.jpg 1600w\" sizes=\"auto, (max-width: 300px) 100vw, 300px\" \/><\/a><\/p>\n<p>Este jueves se conoci\u00f3 el aumento en las consultas m\u00e9dicas con m\u00e9dicos mendocinos, es por eso que desde este viernes pas\u00f3 a tener un costo de $6000. Esta situaci\u00f3n llevar\u00e1 a qu\u00e9 muchas personas, que cuentan con cobertura de una obra social o prepaga, acudan a la atenci\u00f3n p\u00fablica.<\/p>\n<p>Alejandro Torres se\u00f1al\u00f3 que <em><strong>\u00abel hospital est\u00e1 atendiendo a much\u00edsimas personas que cuentan con obra social, eso al hospital le conviene porque, si bien al afiliado no se le cobra, las obras sociales nos pagan\u00bb.<\/strong><\/em> Por \u00faltimo se diferenci\u00f3 con la problem\u00e1tica que sostiene el sector privado, <strong><em>\u00abno tenemos problema con los pagos, si a los 30 d\u00edas no tenemos una respuesta se env\u00eda una Carta Documento\u00bb.<\/em><\/strong><\/p>\n","protected":false},"excerpt":{"rendered":"<p>El Director del Hospital Enfermeros Argentinos, Alejandro Torres, explic\u00f3 c\u00f3mo est\u00e1n trabajando ante est\u00e1 situaci\u00f3n. \u00abLa sintomatolog\u00eda del Covid-19 es muy &#8230;<\/p>\n","protected":false},"author":7,"featured_media":126513,"comment_status":"open","ping_status":"open","sticky":false,"template":"","format":"standard","meta":{"footnotes":""},"categories":[5,15],"tags":[],"class_list":["post-126512","post","type-post","status-publish","format-standard","has-post-thumbnail","hentry","category-actualidad","category-salud"],"_links":{"self":[{"href":"https:\/\/vinasfm.com\/noticias\/wp-json\/wp\/v2\/posts\/126512","targetHints":{"allow":["GET"]}}],"collection":[{"href":"https:\/\/vinasfm.com\/noticias\/wp-json\/wp\/v2\/posts"}],"about":[{"href":"https:\/\/vinasfm.com\/noticias\/wp-json\/wp\/v2\/types\/post"}],"author":[{"embeddable":true,"href":"https:\/\/vinasfm.com\/noticias\/wp-json\/wp\/v2\/users\/7"}],"replies":[{"embeddable":true,"href":"https:\/\/vinasfm.com\/noticias\/wp-json\/wp\/v2\/comments?post=126512"}],"version-history":[{"count":2,"href":"https:\/\/vinasfm.com\/noticias\/wp-json\/wp\/v2\/posts\/126512\/revisions"}],"predecessor-version":[{"id":126517,"href":"https:\/\/vinasfm.com\/noticias\/wp-json\/wp\/v2\/posts\/126512\/revisions\/126517"}],"wp:featuredmedia":[{"embeddable":true,"href":"https:\/\/vinasfm.com\/noticias\/wp-json\/wp\/v2\/media\/126513"}],"wp:attachment":[{"href":"https:\/\/vinasfm.com\/noticias\/wp-json\/wp\/v2\/media?parent=126512"}],"wp:term":[{"taxonomy":"category","embeddable":true,"href":"https:\/\/vinasfm.com\/noticias\/wp-json\/wp\/v2\/categories?post=126512"},{"taxonomy":"post_tag","embeddable":true,"href":"https:\/\/vinasfm.com\/noticias\/wp-json\/wp\/v2\/tags?post=126512"}],"curies":[{"name":"wp","href":"https:\/\/api.w.org\/{rel}","templated":true}]}}