{"id":126498,"date":"2023-09-01T12:05:09","date_gmt":"2023-09-01T15:05:09","guid":{"rendered":"https:\/\/vinasfm.com\/noticias\/?p=126498"},"modified":"2023-09-01T12:05:09","modified_gmt":"2023-09-01T15:05:09","slug":"anses-brindo-asistencia-en-el-centro-de-jubilados-de-alvear-oeste","status":"publish","type":"post","link":"https:\/\/vinasfm.com\/noticias\/anses-brindo-asistencia-en-el-centro-de-jubilados-de-alvear-oeste\/","title":{"rendered":"ANSES BRIND\u00d3 ASISTENCIA EN EL CENTRO DE JUBILADOS DE ALVEAR OESTE"},"content":{"rendered":"<p><strong>Como todos los primeros viernes de cada mes, la oficina local de la Administraci\u00f3n Nacional de la Seguridad Social, atedi\u00f3 a los vecinos del distrito. <\/strong><\/p>\n<p>Myrna Osorio se\u00f1al\u00f3 que <strong><em>\u201cse atienden todos los tramites que com\u00fanmente se realizan en la oficina (Paso de los Andes 735), exceptuando aquellos que requieren un turno como lo es la jubilaci\u00f3n\u201d.<\/em><\/strong><\/p>\n<p>La jefa de la oficina local, detall\u00f3 que <strong><em>\u201cpermanentemente se ha pedido una ampliaci\u00f3n en los turnos ya que hay una mayor demanda para obtenerlos\u201d. <\/em><\/strong>Una de las estrategias utilizadas para agilizar la asistencia fue recorrer los distritos, pero a\u00fan as\u00ed <strong><em>\u201csigue siendo insuficiente\u201d.<\/em><\/strong><\/p>\n<p>Osorio anunci\u00f3 que desde la Regional Cuyo se confirm\u00f3 la ampliaci\u00f3n del cupo de los turnos, <strong><em>\u201cle queremos pedir a la gente que sigan insistiendo en la <a href=\"https:\/\/www.anses.gob.ar\/\">p\u00e1gina web<\/a>, a toda hora, porque se van a aumentar los cupos\u201d.<\/em><\/strong> Esto no implica la modificaci\u00f3n de los turnos ya otorgados, es decir que quienes ya obtuvieron un turno no lo perder\u00e1n.<\/p>\n<p>Por \u00faltimo, se\u00f1al\u00f3 que en dialogo con Fernanda Raverta, Directora de ANSES, se solicit\u00f3 prestar atenci\u00f3n sin turno en algunas excepciones; a lo que respondi\u00f3 que \u201c<strong><em>se estudiar\u00e1 la opci\u00f3n pero necesitar\u00e1 de un mayor control\u201d. <\/em><\/strong><\/p>\n","protected":false},"excerpt":{"rendered":"<p>Como todos los primeros viernes de cada mes, la oficina local de la Administraci\u00f3n Nacional de la Seguridad Social, atedi\u00f3 a &#8230;<\/p>\n","protected":false},"author":7,"featured_media":126499,"comment_status":"open","ping_status":"open","sticky":false,"template":"","format":"standard","meta":{"footnotes":""},"categories":[1],"tags":[],"class_list":["post-126498","post","type-post","status-publish","format-standard","has-post-thumbnail","hentry","category-fmvinas"],"_links":{"self":[{"href":"https:\/\/vinasfm.com\/noticias\/wp-json\/wp\/v2\/posts\/126498","targetHints":{"allow":["GET"]}}],"collection":[{"href":"https:\/\/vinasfm.com\/noticias\/wp-json\/wp\/v2\/posts"}],"about":[{"href":"https:\/\/vinasfm.com\/noticias\/wp-json\/wp\/v2\/types\/post"}],"author":[{"embeddable":true,"href":"https:\/\/vinasfm.com\/noticias\/wp-json\/wp\/v2\/users\/7"}],"replies":[{"embeddable":true,"href":"https:\/\/vinasfm.com\/noticias\/wp-json\/wp\/v2\/comments?post=126498"}],"version-history":[{"count":1,"href":"https:\/\/vinasfm.com\/noticias\/wp-json\/wp\/v2\/posts\/126498\/revisions"}],"predecessor-version":[{"id":126501,"href":"https:\/\/vinasfm.com\/noticias\/wp-json\/wp\/v2\/posts\/126498\/revisions\/126501"}],"wp:featuredmedia":[{"embeddable":true,"href":"https:\/\/vinasfm.com\/noticias\/wp-json\/wp\/v2\/media\/126499"}],"wp:attachment":[{"href":"https:\/\/vinasfm.com\/noticias\/wp-json\/wp\/v2\/media?parent=126498"}],"wp:term":[{"taxonomy":"category","embeddable":true,"href":"https:\/\/vinasfm.com\/noticias\/wp-json\/wp\/v2\/categories?post=126498"},{"taxonomy":"post_tag","embeddable":true,"href":"https:\/\/vinasfm.com\/noticias\/wp-json\/wp\/v2\/tags?post=126498"}],"curies":[{"name":"wp","href":"https:\/\/api.w.org\/{rel}","templated":true}]}}