{"id":126478,"date":"2023-09-01T10:00:10","date_gmt":"2023-09-01T13:00:10","guid":{"rendered":"https:\/\/vinasfm.com\/noticias\/?p=126478"},"modified":"2023-09-02T09:06:32","modified_gmt":"2023-09-02T12:06:32","slug":"el-iscamen-y-el-inti-firman-convenio-para-desarrollar-tecnologia-contra-la-polilla-de-la-vid","status":"publish","type":"post","link":"https:\/\/vinasfm.com\/noticias\/el-iscamen-y-el-inti-firman-convenio-para-desarrollar-tecnologia-contra-la-polilla-de-la-vid\/","title":{"rendered":"EL ISCAMEN Y EL INTI FIRMAN CONVENIO PARA DESARROLLAR TECNOLOG\u00cdA CONTRA LA POLILLA DE LA VID"},"content":{"rendered":"<p><strong>Buscan sintetizar feromonas, insumo clave para el control de la plaga Lobesia botrana, que afecta a la vitivinicultura provincial. \u00a0<\/strong><\/p>\n<p>Con la presencia de la presidenta de Instituto Nacional de Tecnolog\u00eda Industrial (INTI), Sandra Mayol; Sergio Moralejo, subsecretario de Agricultura y Ganader\u00eda de la provincia; Gabriela Lizana, directora del Banco de Inversi\u00f3n y Comercio Exterior (BICE), y Mariel Van\u00edn, secretaria t\u00e9cnica del Instituto de Sanidad y Calidad Agropecuaria de Mendoza (Iscamen), se firm\u00f3 un convenio para desarrollar a futuro la s\u00edntesis de feromonas que se utilizan para el control de la plaga Lobesia botrana, com\u00fanmente conocida como polilla de la vid.<\/p>\n<p>Sandra Mayol expres\u00f3: <strong><em>\u201cNos parece sumamente importante articular con los organismos y el sector privado, y este es un buen ejemplo para mejorar la productividad, lo que redunda en un beneficio para la poblaci\u00f3n en general\u201d.<\/em><\/strong> Adem\u00e1s,\u00a0agreg\u00f3 que el INTI tiene un importante centro regional en Mendoza,\u00a0lo que le permite articular con todo el entramado productivo local. La Lobesia botrana o polilla de la vid es la principal amenaza sanitaria de la vitivinicultura mendocina, con un impacto de hasta 50%, en caso de no efectuarse acciones para su control. Por sus efectos, la legislaci\u00f3n declara de inter\u00e9s su control. A nivel nacional, la Ley 27227 y, en la provincia, la 9076, que adem\u00e1s designa al Iscamen como autoridad de aplicaci\u00f3n.<\/p>\n<p><a href=\"https:\/\/vinasfm.com\/noticias\/wp-content\/uploads\/2023\/09\/0005237-700x467-1.jpg\"><img loading=\"lazy\" decoding=\"async\" class=\"alignnone size-medium wp-image-126480\" src=\"https:\/\/vinasfm.com\/noticias\/wp-content\/uploads\/2023\/09\/0005237-700x467-1-300x200.jpg\" alt=\"\" width=\"300\" height=\"200\" srcset=\"https:\/\/vinasfm.com\/noticias\/wp-content\/uploads\/2023\/09\/0005237-700x467-1-300x200.jpg 300w, https:\/\/vinasfm.com\/noticias\/wp-content\/uploads\/2023\/09\/0005237-700x467-1.jpg 700w\" sizes=\"auto, (max-width: 300px) 100vw, 300px\" \/><\/a> <a href=\"https:\/\/vinasfm.com\/noticias\/wp-content\/uploads\/2023\/09\/0005229-700x467-1.jpg\"><img loading=\"lazy\" decoding=\"async\" class=\"alignnone size-medium wp-image-126481\" src=\"https:\/\/vinasfm.com\/noticias\/wp-content\/uploads\/2023\/09\/0005229-700x467-1-300x200.jpg\" alt=\"\" width=\"300\" height=\"200\" srcset=\"https:\/\/vinasfm.com\/noticias\/wp-content\/uploads\/2023\/09\/0005229-700x467-1-300x200.jpg 300w, https:\/\/vinasfm.com\/noticias\/wp-content\/uploads\/2023\/09\/0005229-700x467-1.jpg 700w\" sizes=\"auto, (max-width: 300px) 100vw, 300px\" \/><\/a><\/p>\n<p>En este contexto, la Provincia de Mendoza viene desarrollando campa\u00f1as anuales de control dise\u00f1adas y planificadas seg\u00fan la metodolog\u00eda del Manejo Integrado de la Plaga en grandes \u00e1reas.<\/p>\n<p>Por su parte, Sergio Moralejo consider\u00f3 que la firma de este convenio entre el INTI y el Iscamen <em><strong>\u201ces un buen comienzo para, en los pr\u00f3ximos a\u00f1os, contar con una producci\u00f3n propia de feromonas y, sobre todo, significa transferencia tecnol\u00f3gica, tanto para la provincia como para todas las provincias vitivin\u00edcolas del pa\u00eds. Adicionalmente, tenemos la Bioplanta, donde creemos que podr\u00eda funcionar la producci\u00f3n\u201d.\u00a0\u00a0<\/strong><\/em><\/p>\n<h2><strong>T\u00e9cnica de Confusi\u00f3n Sexual<\/strong><\/h2>\n<p>El uso de t\u00e9cnicas espec\u00edficas y no contaminantes, como la denominada de confusi\u00f3n sexual, permite disminuir los riesgos al combatir plagas agr\u00edcolas. La confusi\u00f3n sexual es provocada por la impregnaci\u00f3n en el aire de una feromona que emiten los difusores.<\/p>\n<p>Los difusores liberan feromona y generan una nube que produce en los machos confusi\u00f3n, ya que no pueden percibir el olor -la feromona- que liberan las hembras v\u00edrgenes, por lo que no las encuentran para producir la c\u00f3pula. De este modo, se evita la incubaci\u00f3n por parte de la hembra.<\/p>\n<p>Julieta Com\u00edn, directora de Desarrollo Tecnol\u00f3gico e Innovaci\u00f3n del INTI,\u00a0sostuvo que<strong><em> \u201ceste es un proyecto muy interesante que est\u00e1 en etapa inicial. Aspiramos a producir este activo ecosustentable para los productores de vid. Actualmente se trabaja en las primeras etapas de selecci\u00f3n de rutas sint\u00e9ticas y, en paralelo, se debe avanzar en el dise\u00f1o del dispositivo que libera la feromona en campo\u201d.<\/em><\/strong><\/p>\n<p>Las feromonas sint\u00e9ticas son fundamentales para un control ecol\u00f3gico, pero la adquisici\u00f3n de difusores de feromonas siempre est\u00e1 sujeta a la disponibilidad de los recursos y al nivel de stock en el mercado local, y no necesariamente a la cantidad de insumos que el programa ha requerido.<\/p>\n<p>En este sentido, Mariel Van\u00edn, secretaria t\u00e9cnica del Iscamen, sostuvo:<em><strong> \u201cAl tratarse de un insumo importado, se complica la planificaci\u00f3n de las campa\u00f1as de control, que dependen del stock de las empresas y de los precios,\u00a0lo que genera incertidumbre en los organismos de control y en los productores. Tener la elaboraci\u00f3n de la principal herramienta generar\u00e1 fundamentalmente certidumbre para avanzar en el control de la plaga\u201d. \u00a0<\/strong><\/em><\/p>\n","protected":false},"excerpt":{"rendered":"<p>Buscan sintetizar feromonas, insumo clave para el control de la plaga Lobesia botrana, que afecta a la vitivinicultura provincial. \u00a0 Con &#8230;<\/p>\n","protected":false},"author":7,"featured_media":126479,"comment_status":"open","ping_status":"open","sticky":false,"template":"","format":"standard","meta":{"footnotes":""},"categories":[5,35],"tags":[],"class_list":["post-126478","post","type-post","status-publish","format-standard","has-post-thumbnail","hentry","category-actualidad","category-iscamen"],"_links":{"self":[{"href":"https:\/\/vinasfm.com\/noticias\/wp-json\/wp\/v2\/posts\/126478","targetHints":{"allow":["GET"]}}],"collection":[{"href":"https:\/\/vinasfm.com\/noticias\/wp-json\/wp\/v2\/posts"}],"about":[{"href":"https:\/\/vinasfm.com\/noticias\/wp-json\/wp\/v2\/types\/post"}],"author":[{"embeddable":true,"href":"https:\/\/vinasfm.com\/noticias\/wp-json\/wp\/v2\/users\/7"}],"replies":[{"embeddable":true,"href":"https:\/\/vinasfm.com\/noticias\/wp-json\/wp\/v2\/comments?post=126478"}],"version-history":[{"count":1,"href":"https:\/\/vinasfm.com\/noticias\/wp-json\/wp\/v2\/posts\/126478\/revisions"}],"predecessor-version":[{"id":126482,"href":"https:\/\/vinasfm.com\/noticias\/wp-json\/wp\/v2\/posts\/126478\/revisions\/126482"}],"wp:featuredmedia":[{"embeddable":true,"href":"https:\/\/vinasfm.com\/noticias\/wp-json\/wp\/v2\/media\/126479"}],"wp:attachment":[{"href":"https:\/\/vinasfm.com\/noticias\/wp-json\/wp\/v2\/media?parent=126478"}],"wp:term":[{"taxonomy":"category","embeddable":true,"href":"https:\/\/vinasfm.com\/noticias\/wp-json\/wp\/v2\/categories?post=126478"},{"taxonomy":"post_tag","embeddable":true,"href":"https:\/\/vinasfm.com\/noticias\/wp-json\/wp\/v2\/tags?post=126478"}],"curies":[{"name":"wp","href":"https:\/\/api.w.org\/{rel}","templated":true}]}}