{"id":126372,"date":"2023-08-30T10:19:18","date_gmt":"2023-08-30T13:19:18","guid":{"rendered":"https:\/\/vinasfm.com\/noticias\/?p=126372"},"modified":"2023-08-30T10:19:18","modified_gmt":"2023-08-30T13:19:18","slug":"la-federacion-economica-mendocina-premio-a-un-proyecto-sanrafaelino-de-reciclaje-en-monte-coman","status":"publish","type":"post","link":"https:\/\/vinasfm.com\/noticias\/la-federacion-economica-mendocina-premio-a-un-proyecto-sanrafaelino-de-reciclaje-en-monte-coman\/","title":{"rendered":"LA FEDERACI\u00d3N ECON\u00d3MICA MENDOCINA PREMI\u00d3 A UN PROYECTO SANRAFAELINO DE RECICLAJE EN MONTE COM\u00c1N"},"content":{"rendered":"<p><em><strong>La Federaci\u00f3n Econ\u00f3mica Mendocina entrega todos los a\u00f1os los premios al Joven Empresario Mendocino. En este caso, el sanrafaelino Sergio Quiroga junto a la Cooperativa Crear Monte Com\u00e1n de la que forma parte, recibi\u00f3 una menci\u00f3n de honor en la categor\u00eda Impacto Ambiental y Social, por un proyecto desarrollado.<\/strong><\/em><\/p>\n<p>Quiroga dijo que <em><strong>\u201clo que premian es un proyecto de la cooperativa Crear Monte Com\u00e1n, que es un proyecto de reciclaje que estamos trabajando desde el a\u00f1o pasado; un proyecto medio ambicioso de todas las actividades que hemos realizado, estamos con el tema de las capacitaciones en las escuelas m\u00e1s que nada en este momento en el distrito de Monte Com\u00e1n y alrededores, como as\u00ed tambi\u00e9n hicimos en el mes de mayo el 1\u00b0 Congreso de Econom\u00eda Circular, que fue en el Centro de Congresos y Exposiciones de la Ciudad, y esto fue un premio para el que hubo una inscripci\u00f3n; nosotros tambi\u00e9n pertenecemos a la C\u00e1mara de Comercio de San Rafael, es un importante premio que se realiza todos los a\u00f1os en Mendoza, que lo organiza la Legislatura, lo entrega el vicegobernador, es un premio bastante importante, y nos inscribimos varios emprendimientos de San Rafael. Fuimos tres a presentarnos all\u00e1 y a competir. Competimos en todo Mendoza y pudimos salir galardonados nosotros en la categor\u00eda de Impacto Social y Ambiental\u201d.<\/strong><\/em><\/p>\n<p><a href=\"https:\/\/vinasfm.com\/noticias\/wp-content\/uploads\/2023\/08\/Sergio-Ariel-Quiroga-fem-proyecto-Impacto-social-y-ambiental.webp\"><img loading=\"lazy\" decoding=\"async\" class=\"alignnone size-medium wp-image-126373\" src=\"https:\/\/vinasfm.com\/noticias\/wp-content\/uploads\/2023\/08\/Sergio-Ariel-Quiroga-fem-proyecto-Impacto-social-y-ambiental-300x300.webp\" alt=\"\" width=\"300\" height=\"300\" srcset=\"https:\/\/vinasfm.com\/noticias\/wp-content\/uploads\/2023\/08\/Sergio-Ariel-Quiroga-fem-proyecto-Impacto-social-y-ambiental-300x300.webp 300w, https:\/\/vinasfm.com\/noticias\/wp-content\/uploads\/2023\/08\/Sergio-Ariel-Quiroga-fem-proyecto-Impacto-social-y-ambiental-150x150.webp 150w, https:\/\/vinasfm.com\/noticias\/wp-content\/uploads\/2023\/08\/Sergio-Ariel-Quiroga-fem-proyecto-Impacto-social-y-ambiental-768x768.webp 768w, https:\/\/vinasfm.com\/noticias\/wp-content\/uploads\/2023\/08\/Sergio-Ariel-Quiroga-fem-proyecto-Impacto-social-y-ambiental-360x360.webp 360w, https:\/\/vinasfm.com\/noticias\/wp-content\/uploads\/2023\/08\/Sergio-Ariel-Quiroga-fem-proyecto-Impacto-social-y-ambiental-750x750.webp 750w, https:\/\/vinasfm.com\/noticias\/wp-content\/uploads\/2023\/08\/Sergio-Ariel-Quiroga-fem-proyecto-Impacto-social-y-ambiental.webp 1024w\" sizes=\"auto, (max-width: 300px) 100vw, 300px\" \/><\/a><\/p>\n<p>Destac\u00f3 que el proyecto que desarrollan es muy nuevo y ambicioso, y lo que se quiere es alcanzar los objetivos fundamentales y a largo plazo. <em><strong>\u201cCada peque\u00f1o pasito que damos es un gran paso para nosotros\u201d<\/strong><\/em>, asegur\u00f3 Sergio Quiroga.<\/p>\n<p>Sobre el proyecto en s\u00ed, explic\u00f3 que \u201c<em><strong>trata de lo que es una planta de reciclado, en el cual vamos a realizar productos finales, vamos a generar valor agregado a lo que estamos trabajando en el tema del reciclaje; por ejemplo, a trav\u00e9s del pl\u00e1stico vamos a realizar ladrillos ecol\u00f3gicos y madera pl\u00e1stica\u201d.<\/strong> <\/em>Son materiales muy \u00fatiles, que incluso podr\u00edan servir en San Rafael para fabricar, entre otros espacios, una sala de primeros auxilios, una uni\u00f3n vecinal, un centro de jubilados, etc\u00e9tera. Al mismo tiempo, es destacable que de esta manera se cuida el medioambiente y se genera trabajo. <em><strong>\u201cNuestro proyecto es de triple impacto: es econ\u00f3mico, social y ambiental, se trabaja en Monte Com\u00e1n y en alrededores de la zona este, pero vamos a estar trabajando en todo lo que es el departamento de San Rafael, porque conocemos la problem\u00e1tica y lo que venimos a hacer es a colaborar\u201d<\/strong><\/em>, expuso.<\/p>\n<p>Cabe decir que para montar esa planta de reciclado, se necesita una inversi\u00f3n realmente importante, pero se est\u00e1 avanzando en la b\u00fasqueda de cr\u00e9ditos y siempre viendo que esto es un proyecto<em><strong> \u201ca largo plazo\u201d.<\/strong><\/em><\/p>\n<h6>Diario San Rafael<\/h6>\n","protected":false},"excerpt":{"rendered":"<p>La Federaci\u00f3n Econ\u00f3mica Mendocina entrega todos los a\u00f1os los premios al Joven Empresario Mendocino. En este caso, el sanrafaelino Sergio Quiroga &#8230;<\/p>\n","protected":false},"author":7,"featured_media":126375,"comment_status":"open","ping_status":"open","sticky":false,"template":"","format":"standard","meta":{"footnotes":""},"categories":[1],"tags":[],"class_list":["post-126372","post","type-post","status-publish","format-standard","has-post-thumbnail","hentry","category-fmvinas"],"_links":{"self":[{"href":"https:\/\/vinasfm.com\/noticias\/wp-json\/wp\/v2\/posts\/126372","targetHints":{"allow":["GET"]}}],"collection":[{"href":"https:\/\/vinasfm.com\/noticias\/wp-json\/wp\/v2\/posts"}],"about":[{"href":"https:\/\/vinasfm.com\/noticias\/wp-json\/wp\/v2\/types\/post"}],"author":[{"embeddable":true,"href":"https:\/\/vinasfm.com\/noticias\/wp-json\/wp\/v2\/users\/7"}],"replies":[{"embeddable":true,"href":"https:\/\/vinasfm.com\/noticias\/wp-json\/wp\/v2\/comments?post=126372"}],"version-history":[{"count":1,"href":"https:\/\/vinasfm.com\/noticias\/wp-json\/wp\/v2\/posts\/126372\/revisions"}],"predecessor-version":[{"id":126376,"href":"https:\/\/vinasfm.com\/noticias\/wp-json\/wp\/v2\/posts\/126372\/revisions\/126376"}],"wp:featuredmedia":[{"embeddable":true,"href":"https:\/\/vinasfm.com\/noticias\/wp-json\/wp\/v2\/media\/126375"}],"wp:attachment":[{"href":"https:\/\/vinasfm.com\/noticias\/wp-json\/wp\/v2\/media?parent=126372"}],"wp:term":[{"taxonomy":"category","embeddable":true,"href":"https:\/\/vinasfm.com\/noticias\/wp-json\/wp\/v2\/categories?post=126372"},{"taxonomy":"post_tag","embeddable":true,"href":"https:\/\/vinasfm.com\/noticias\/wp-json\/wp\/v2\/tags?post=126372"}],"curies":[{"name":"wp","href":"https:\/\/api.w.org\/{rel}","templated":true}]}}