{"id":126343,"date":"2023-08-29T20:52:53","date_gmt":"2023-08-29T23:52:53","guid":{"rendered":"https:\/\/vinasfm.com\/noticias\/?p=126343"},"modified":"2023-08-31T10:26:47","modified_gmt":"2023-08-31T13:26:47","slug":"se-desarrollara-un-foro-departamental-de-adolescentes","status":"publish","type":"post","link":"https:\/\/vinasfm.com\/noticias\/se-desarrollara-un-foro-departamental-de-adolescentes\/","title":{"rendered":"SE DESARROLLA UN FORO DEPARTAMENTAL DE ADOLESCENTES"},"content":{"rendered":"<p><strong>La actividad tendr\u00e1 lugar este mi\u00e9rcoles en el Polideportivo, en el marco del Agosto Alvearense.<\/strong><\/p>\n<p>El Secretario de Gobierno, Mariano Varela, se\u00f1al\u00f3 que <em><strong>\u00abse viene trabajando desde hace alg\u00fan tiempo con las escuelas departamentales y con el Consejo Provincial de Ni\u00f1ez y Adolescencia\u00bb.<\/strong> <\/em>El foro involucra la participaci\u00f3n de la Subsecretaria de Gobierno Norma Ruiz, el Asesor de Ni\u00f1ez, Adolescencia y Juventud Daniel Quiles, y la Coordinadora del Consejo Jorgelina Peralta.<\/p>\n<p>Norma Ruiz detall\u00f3 que <em><strong>\u00abteniendo en cuenta los acotados espacios en d\u00f3nde se les da voz los adolescentes, se ha podido trabajar con las escuelas secundarias de todas las modalidades para que sean los adolescentes protagonistas de esta actividad\u00bb.<\/strong><\/em> El foro busca tener a este grupo etario como referente.<\/p>\n<p>Por su parte, Jorgelina Peralta, explic\u00f3 que <em><strong>\u00abeste primer foto denominado \u00abYo participo\u00bb es una actividad que se viene diagramando desde el a\u00f1o pasado\u00bb.<\/strong> <\/em>De esta actividad formar\u00e1n parte alumnos del \u00faltimo a\u00f1o de las escuelas secundarias locales, as\u00ed como tambi\u00e9n aquellas que est\u00e9n dentro de las supervisiones como lo es la escuela de Monte Com\u00e1n.<\/p>\n<p>Es de destacar la la participaci\u00f3n de m\u00e1s de 500 adolescente.<\/p>\n<p>El foro tendr\u00e1 inicio a las 8:30 con el Acto Formal, a las 9:00 ser\u00e1 la ex Jueza de Menores Mar\u00eda Fontemachi quien realizar\u00e1 una disertaci\u00f3n sobre los derechos de los adolescentes. Luego iniciar\u00e1n distintos talles que contar\u00e1n con la presencia de la Lic. Emilce Vega Espinoza (habilidades para la inserci\u00f3n laboral), Antonela Di Paolo y la Lic. Norma Casas (transformar la tecnolog\u00eda en aliada) y la Lic. Adriana Olivares (la sexualidad extendida en un contexto de valores).<\/p>\n<p>El foro culminar\u00e1 con la actuaci\u00f3n de un DJ en vivo.<\/p>\n","protected":false},"excerpt":{"rendered":"<p>La actividad tendr\u00e1 lugar este mi\u00e9rcoles en el Polideportivo, en el marco del Agosto Alvearense. El Secretario de Gobierno, Mariano Varela, &#8230;<\/p>\n","protected":false},"author":7,"featured_media":126344,"comment_status":"open","ping_status":"open","sticky":false,"template":"","format":"standard","meta":{"footnotes":""},"categories":[1],"tags":[],"class_list":["post-126343","post","type-post","status-publish","format-standard","has-post-thumbnail","hentry","category-fmvinas"],"_links":{"self":[{"href":"https:\/\/vinasfm.com\/noticias\/wp-json\/wp\/v2\/posts\/126343","targetHints":{"allow":["GET"]}}],"collection":[{"href":"https:\/\/vinasfm.com\/noticias\/wp-json\/wp\/v2\/posts"}],"about":[{"href":"https:\/\/vinasfm.com\/noticias\/wp-json\/wp\/v2\/types\/post"}],"author":[{"embeddable":true,"href":"https:\/\/vinasfm.com\/noticias\/wp-json\/wp\/v2\/users\/7"}],"replies":[{"embeddable":true,"href":"https:\/\/vinasfm.com\/noticias\/wp-json\/wp\/v2\/comments?post=126343"}],"version-history":[{"count":3,"href":"https:\/\/vinasfm.com\/noticias\/wp-json\/wp\/v2\/posts\/126343\/revisions"}],"predecessor-version":[{"id":126371,"href":"https:\/\/vinasfm.com\/noticias\/wp-json\/wp\/v2\/posts\/126343\/revisions\/126371"}],"wp:featuredmedia":[{"embeddable":true,"href":"https:\/\/vinasfm.com\/noticias\/wp-json\/wp\/v2\/media\/126344"}],"wp:attachment":[{"href":"https:\/\/vinasfm.com\/noticias\/wp-json\/wp\/v2\/media?parent=126343"}],"wp:term":[{"taxonomy":"category","embeddable":true,"href":"https:\/\/vinasfm.com\/noticias\/wp-json\/wp\/v2\/categories?post=126343"},{"taxonomy":"post_tag","embeddable":true,"href":"https:\/\/vinasfm.com\/noticias\/wp-json\/wp\/v2\/tags?post=126343"}],"curies":[{"name":"wp","href":"https:\/\/api.w.org\/{rel}","templated":true}]}}