{"id":126328,"date":"2023-08-29T11:20:35","date_gmt":"2023-08-29T14:20:35","guid":{"rendered":"https:\/\/vinasfm.com\/noticias\/?p=126328"},"modified":"2023-08-29T11:20:35","modified_gmt":"2023-08-29T14:20:35","slug":"como-esta-el-paso-internacional-los-libertadores-hoy-martes-29-de-agosto","status":"publish","type":"post","link":"https:\/\/vinasfm.com\/noticias\/como-esta-el-paso-internacional-los-libertadores-hoy-martes-29-de-agosto\/","title":{"rendered":"C\u00d3MO EST\u00c1 EL PASO INTERNACIONAL LOS LIBERTADORES, HOY MARTES 29 DE AGOSTO"},"content":{"rendered":"<p class=\"news-headline__article-summary\"><strong>Desde la coordinaci\u00f3n binacional informaron el estado del Paso Internacional Los Libertadores, que es la principal ruta entre Los Andes y Mendoza.<\/strong><\/p>\n<article class=\"article-body article-body--first-paragraph\" data-td-script-src=\"https:\/\/www.sitioandino.com.ar\/td\/modulos\/encuestas\/js\/function-embeds-min-version-1661266695.js\">Debido a la gran acumulaci\u00f3n de nieve y las contingencias clim\u00e1ticas en Alta Monta\u00f1a,\u00a0<strong>Vialidad Nacional<\/strong>\u00a0inform\u00f3, a trav\u00e9s de un comunicado oficial, que el<strong>\u00a0Paso Internacional Los Libertadores\u00a0permanecer\u00e1 cerrado este martes 29 de agosto\u00a0<\/strong>para el transporte de cargas, \u00f3mnibus y veh\u00edculos particulares. Esta deshabilitaci\u00f3n del camino se realiza luego de un an\u00e1lisis exhaustivo de las condiciones de transitabilidad en la zona de alta monta\u00f1a.<\/p>\n<\/article>\n<article class=\"article-body article-body--second-paragraph\">\n<h2>Condiciones clim\u00e1ticas y rutas disponibles<\/h2>\n<p>Seg\u00fan el informe emitido, se espera una temperatura<strong>\u00a0de -4\u00b0C en Uspallata, -7\u00b0C en Punta de Vacas, -12\u00b0C en Puente de Inca y -13\u00b0C en Las Cuevas<\/strong>, lo que indica condiciones clim\u00e1ticas fr\u00edas en la regi\u00f3n de la cordillera.<\/p>\n<article class=\"article-body article-body--second-paragraph\">Es importante destacar el pron\u00f3stico del tiempo indica la posibilidad de que se mantenga la\u00a0<strong>inestabilidad<\/strong>\u00a0durante los d\u00edas en la zona y\u00a0<strong>nevadas hasta el jueves inclusive.<\/strong><\/p>\n<\/article>\n<article class=\"article-body article-body--second-paragraph\">Medidas de seguridad obligatorias<\/p>\n<\/article>\n<article class=\"article-body article-body--third-paragraph\">Debido a las condiciones clim\u00e1ticas mencionadas,\u00a0<strong>se hace obligatoria la portaci\u00f3n de cadenas para todos los veh\u00edculos que transiten por el Paso a Chile<\/strong>. Las cadenas son un elemento esencial para garantizar una traves\u00eda segura y evitar situaciones de riesgo en las zonas m\u00e1s resbaladizas.<\/p>\n<h2>Recomendaciones para los viajeros<\/h2>\n<p>Se recomienda a todos los viajeros que planean utilizar el Paso a Chile en el horario establecido,\u00a0<strong>que est\u00e9n preparados para las condiciones clim\u00e1ticas adversas<\/strong>. Esto incluye llevar abrigos, alimentos, agua y mantener el tanque de combustible lleno.<\/p>\n<p><strong>Es fundamental seguir las indicaciones de las autoridades de tr\u00e1nsito y mantener una velocidad adecuada a las condiciones de la v\u00eda<\/strong>. Ante cualquier situaci\u00f3n de emergencia o requerimiento de asistencia, se insta a los conductores a comunicarse con los servicios de emergencia disponibles en la zona.<\/p>\n<p>Vialidad Nacional\u00a0<strong>continuar\u00e1 monitoreando de cerca las condiciones de transitabilidad en el Paso a Chile<\/strong>\u00a0y emitir\u00e1 actualizaciones regulares para mantener a los viajeros informados sobre la situaci\u00f3n en la regi\u00f3n.<\/p>\n<p>Los conductores y viajeros est\u00e1n aconsejados a estar atentos a las noticias y actualizaciones oficiales antes de emprender su viaje hacia Chile.<\/p>\n<h6>SitioAndino<\/h6>\n<\/article>\n<\/article>\n","protected":false},"excerpt":{"rendered":"<p>Desde la coordinaci\u00f3n binacional informaron el estado del Paso Internacional Los Libertadores, que es la principal ruta entre Los Andes y &#8230;<\/p>\n","protected":false},"author":7,"featured_media":126329,"comment_status":"open","ping_status":"open","sticky":false,"template":"","format":"standard","meta":{"footnotes":""},"categories":[1],"tags":[],"class_list":["post-126328","post","type-post","status-publish","format-standard","has-post-thumbnail","hentry","category-fmvinas"],"_links":{"self":[{"href":"https:\/\/vinasfm.com\/noticias\/wp-json\/wp\/v2\/posts\/126328","targetHints":{"allow":["GET"]}}],"collection":[{"href":"https:\/\/vinasfm.com\/noticias\/wp-json\/wp\/v2\/posts"}],"about":[{"href":"https:\/\/vinasfm.com\/noticias\/wp-json\/wp\/v2\/types\/post"}],"author":[{"embeddable":true,"href":"https:\/\/vinasfm.com\/noticias\/wp-json\/wp\/v2\/users\/7"}],"replies":[{"embeddable":true,"href":"https:\/\/vinasfm.com\/noticias\/wp-json\/wp\/v2\/comments?post=126328"}],"version-history":[{"count":1,"href":"https:\/\/vinasfm.com\/noticias\/wp-json\/wp\/v2\/posts\/126328\/revisions"}],"predecessor-version":[{"id":126330,"href":"https:\/\/vinasfm.com\/noticias\/wp-json\/wp\/v2\/posts\/126328\/revisions\/126330"}],"wp:featuredmedia":[{"embeddable":true,"href":"https:\/\/vinasfm.com\/noticias\/wp-json\/wp\/v2\/media\/126329"}],"wp:attachment":[{"href":"https:\/\/vinasfm.com\/noticias\/wp-json\/wp\/v2\/media?parent=126328"}],"wp:term":[{"taxonomy":"category","embeddable":true,"href":"https:\/\/vinasfm.com\/noticias\/wp-json\/wp\/v2\/categories?post=126328"},{"taxonomy":"post_tag","embeddable":true,"href":"https:\/\/vinasfm.com\/noticias\/wp-json\/wp\/v2\/tags?post=126328"}],"curies":[{"name":"wp","href":"https:\/\/api.w.org\/{rel}","templated":true}]}}