{"id":126315,"date":"2023-08-29T10:43:32","date_gmt":"2023-08-29T13:43:32","guid":{"rendered":"https:\/\/vinasfm.com\/noticias\/?p=126315"},"modified":"2023-08-30T08:20:15","modified_gmt":"2023-08-30T11:20:15","slug":"intendentes-de-cambia-mendoza-confirmaron-que-pagaran-la-suma-fija-pero-criticaron-a-massa","status":"publish","type":"post","link":"https:\/\/vinasfm.com\/noticias\/intendentes-de-cambia-mendoza-confirmaron-que-pagaran-la-suma-fija-pero-criticaron-a-massa\/","title":{"rendered":"INTENDENTES DE CAMBIA MENDOZA CONFIRMARON QUE PAGAR\u00c1N LA SUMA FIJA, PERO CRITICARON A MASSA"},"content":{"rendered":"<p><strong>Se\u00f1alaron que la medida tiene un fin electoral \u00abque busca disimular las consecuencias de la brusca devaluaci\u00f3n\u00bb.<\/strong><\/p>\n<p>Con un comunicado conjunto, los intendentes de<strong>\u00a0Cambia Mendoza\u00a0<\/strong>confirmaron que abonaran la\u00a0<strong>suma fija<\/strong>\u00a0anunciada por\u00a0<strong>Sergio Massa<\/strong>\u00a0el pasado domingo, en medio de una bater\u00eda de medidas pensadas para paliar los efectos de la devaluaci\u00f3n del 22%.<\/p>\n<p>El comunicado fue dado a conocer este martes y\u00a0se\u00f1ala que se trata de medidas con intenciones electorales\u00a0<strong>\u00abque buscan disimular las consecuencias de la brusca devaluaci\u00f3n\u00bb.<\/strong><\/p>\n<p>V\u00eda Twitter, Walther Marcolini expres\u00f3; <strong>\u00abUna vez m\u00e1s los gobiernos locales nos tenemos que hacer cargo de los desmanejos del Gobierno Nacional\u00bb.<\/strong><\/p>\n<p><a href=\"https:\/\/vinasfm.com\/noticias\/wp-content\/uploads\/2023\/08\/F4ssHHlXEAAHn_q.jpg\"><img loading=\"lazy\" decoding=\"async\" class=\"alignnone wp-image-126316 size-full\" src=\"https:\/\/vinasfm.com\/noticias\/wp-content\/uploads\/2023\/08\/F4ssHHlXEAAHn_q.jpg\" alt=\"\" width=\"544\" height=\"680\" srcset=\"https:\/\/vinasfm.com\/noticias\/wp-content\/uploads\/2023\/08\/F4ssHHlXEAAHn_q.jpg 544w, https:\/\/vinasfm.com\/noticias\/wp-content\/uploads\/2023\/08\/F4ssHHlXEAAHn_q-240x300.jpg 240w\" sizes=\"auto, (max-width: 544px) 100vw, 544px\" \/><\/a><\/p>\n<p>&nbsp;<\/p>\n<p><strong>\u00ab<em>Estas medidas buscan disimular las consecuencias de la brusca devaluaci\u00f3n del 22% generada por el propio Gobierno luego de la PASO Nacional, pero est\u00e1 claro que tampoco contribuir\u00e1n a controlar la inflaci\u00f3n que es el tema de fondo por el cual se deprecia el ingreso de los argentinos. En virtud de ello, los municipios har\u00e1n frente al pago de la suma fija anunciada, seg\u00fan sus posibilidades<\/em>\u00ab<\/strong>, indica el comunicado.<\/p>\n<aside class=\"scaip scaip-2 \"><\/aside>\n<p>La misiva tambi\u00e9n resalta que tanto las provincias como el sector privado<em><strong> \u00abdeben hacerse cargo de los efectos de la improvisaci\u00f3n\u00bb<\/strong><\/em>\u00a0de las pol\u00edticas econ\u00f3micas del gobierno nacional.<\/p>\n<aside class=\"scaip scaip-3 \"><\/aside>\n<p>Esta decisi\u00f3n fue tomada 24 horas despu\u00e9s de que el ministro de Hacienda y Finanzas, V\u00edctor Fayad, confirmara que la provincia tambi\u00e9n pagar\u00eda este refuerzo salarial.<\/p>\n<p><em><strong>\u00abLa suma fija de 60 mil pesos ser\u00e1 pagadera en una cuota, no remunerativa, no bonificable y por \u00fanica vez. Es para trabajadores con salarios netos de hasta 400 mil pesos mensuales al 31 de agosto de 2023\u00bb<\/strong><\/em>, explicaron desde el Gobierno.<\/p>\n<h6>El Sol<\/h6>\n","protected":false},"excerpt":{"rendered":"<p>Se\u00f1alaron que la medida tiene un fin electoral \u00abque busca disimular las consecuencias de la brusca devaluaci\u00f3n\u00bb. Con un comunicado conjunto, &#8230;<\/p>\n","protected":false},"author":7,"featured_media":126317,"comment_status":"open","ping_status":"open","sticky":false,"template":"","format":"standard","meta":{"footnotes":""},"categories":[5,7],"tags":[],"class_list":["post-126315","post","type-post","status-publish","format-standard","has-post-thumbnail","hentry","category-actualidad","category-politica"],"_links":{"self":[{"href":"https:\/\/vinasfm.com\/noticias\/wp-json\/wp\/v2\/posts\/126315","targetHints":{"allow":["GET"]}}],"collection":[{"href":"https:\/\/vinasfm.com\/noticias\/wp-json\/wp\/v2\/posts"}],"about":[{"href":"https:\/\/vinasfm.com\/noticias\/wp-json\/wp\/v2\/types\/post"}],"author":[{"embeddable":true,"href":"https:\/\/vinasfm.com\/noticias\/wp-json\/wp\/v2\/users\/7"}],"replies":[{"embeddable":true,"href":"https:\/\/vinasfm.com\/noticias\/wp-json\/wp\/v2\/comments?post=126315"}],"version-history":[{"count":5,"href":"https:\/\/vinasfm.com\/noticias\/wp-json\/wp\/v2\/posts\/126315\/revisions"}],"predecessor-version":[{"id":126327,"href":"https:\/\/vinasfm.com\/noticias\/wp-json\/wp\/v2\/posts\/126315\/revisions\/126327"}],"wp:featuredmedia":[{"embeddable":true,"href":"https:\/\/vinasfm.com\/noticias\/wp-json\/wp\/v2\/media\/126317"}],"wp:attachment":[{"href":"https:\/\/vinasfm.com\/noticias\/wp-json\/wp\/v2\/media?parent=126315"}],"wp:term":[{"taxonomy":"category","embeddable":true,"href":"https:\/\/vinasfm.com\/noticias\/wp-json\/wp\/v2\/categories?post=126315"},{"taxonomy":"post_tag","embeddable":true,"href":"https:\/\/vinasfm.com\/noticias\/wp-json\/wp\/v2\/tags?post=126315"}],"curies":[{"name":"wp","href":"https:\/\/api.w.org\/{rel}","templated":true}]}}