{"id":126306,"date":"2023-08-29T10:27:31","date_gmt":"2023-08-29T13:27:31","guid":{"rendered":"https:\/\/vinasfm.com\/noticias\/?p=126306"},"modified":"2023-08-30T08:21:21","modified_gmt":"2023-08-30T11:21:21","slug":"otros-cinco-mendocinos-que-incitaron-saqueos-por-redes-sociales-pasaron-a-la-carcel","status":"publish","type":"post","link":"https:\/\/vinasfm.com\/noticias\/otros-cinco-mendocinos-que-incitaron-saqueos-por-redes-sociales-pasaron-a-la-carcel\/","title":{"rendered":"OTROS CINCO MENDOCINOS QUE INCITARON SAQUEOS POR REDES SOCIALES PASARON A LA C\u00c1RCEL"},"content":{"rendered":"<p><strong>Los sujetos estaban detenidos en comisar\u00edas de Tupungato y Guaymall\u00e9n.<\/strong><\/p>\n<p>La Justicia de\u00a0<strong>Mendoza\u00a0<\/strong>traslad\u00f3 a otras tres personas que, a trav\u00e9s de mensajes en redes sociales, incitaron a los\u00a0<strong>saqueos\u00a0<\/strong>en\u00a0<strong>Mendoza<\/strong>. Ya son m\u00e1s de 50 los detenidos a ra\u00edz de los lamentables hechos que ocurrieron en la provincia d\u00edas atr\u00e1s y por el cual se gener\u00f3 temor en la sociedad.<\/p>\n<p>En esta ocasi\u00f3n, fuentes precisaron que en la tarde de este lunes ingresaron al penal provincial tres\u00a0j\u00f3venes de 21, 23 y 24 a\u00f1os que se encontraban alojados en Comisar\u00eda 20\u00ba de Tupungato. Estas personas fueron imputadas por el delito de \u00abinstigaci\u00f3n p\u00fablica a cometer delitos determinados, agravados por ser cometidos con la participaci\u00f3n de un menor y con la finalidad de aterrorizar a la poblaci\u00f3n\u00bb.<\/p>\n<aside class=\"htmlinline\"><\/aside>\n<p>A su vez, imputados por los mismos delitos y a ra\u00edz de lo determinado en las indagaciones realizadas por Personal de Investigaciones en las redes sociales, tambi\u00e9n fueron trasladados al penal dos j\u00f3venes, de 18 y 23 a\u00f1os, que se encontraban alojados en comisar\u00eda 9\u00aa de Guyamallen luego de los disturbios de la semana pasada ocurridos en varios puntos de la provincia de Mendoza.<\/p>\n<p>En el d\u00eda de ayer tambi\u00e9n, dos mujeres mayores de edad fueron aprehendidas,\u00a0luego de varios allanamientos en Las Heras, Guaymallen y Tupungato vinculadas al robo de la carnicer\u00eda de Las Heras.<\/p>\n<aside class=\"htmlinline\"><\/aside>\n<p>Con estos \u00faltimos traslados, suman en total 56 los detenidos que se encuentran ya alojados en Penitenciaria. A medida que avancen las investigaciones, llevadas adelante por las distintas divisiones de Polic\u00eda de Mendoza, seguir\u00e1n concret\u00e1ndose los traslados al penal de los detenidos en los operativos realizados.<\/p>\n","protected":false},"excerpt":{"rendered":"<p>Los sujetos estaban detenidos en comisar\u00edas de Tupungato y Guaymall\u00e9n. La Justicia de\u00a0Mendoza\u00a0traslad\u00f3 a otras tres personas que, a trav\u00e9s de &#8230;<\/p>\n","protected":false},"author":7,"featured_media":126307,"comment_status":"open","ping_status":"open","sticky":false,"template":"","format":"standard","meta":{"footnotes":""},"categories":[5,22],"tags":[],"class_list":["post-126306","post","type-post","status-publish","format-standard","has-post-thumbnail","hentry","category-actualidad","category-justicia"],"_links":{"self":[{"href":"https:\/\/vinasfm.com\/noticias\/wp-json\/wp\/v2\/posts\/126306","targetHints":{"allow":["GET"]}}],"collection":[{"href":"https:\/\/vinasfm.com\/noticias\/wp-json\/wp\/v2\/posts"}],"about":[{"href":"https:\/\/vinasfm.com\/noticias\/wp-json\/wp\/v2\/types\/post"}],"author":[{"embeddable":true,"href":"https:\/\/vinasfm.com\/noticias\/wp-json\/wp\/v2\/users\/7"}],"replies":[{"embeddable":true,"href":"https:\/\/vinasfm.com\/noticias\/wp-json\/wp\/v2\/comments?post=126306"}],"version-history":[{"count":1,"href":"https:\/\/vinasfm.com\/noticias\/wp-json\/wp\/v2\/posts\/126306\/revisions"}],"predecessor-version":[{"id":126308,"href":"https:\/\/vinasfm.com\/noticias\/wp-json\/wp\/v2\/posts\/126306\/revisions\/126308"}],"wp:featuredmedia":[{"embeddable":true,"href":"https:\/\/vinasfm.com\/noticias\/wp-json\/wp\/v2\/media\/126307"}],"wp:attachment":[{"href":"https:\/\/vinasfm.com\/noticias\/wp-json\/wp\/v2\/media?parent=126306"}],"wp:term":[{"taxonomy":"category","embeddable":true,"href":"https:\/\/vinasfm.com\/noticias\/wp-json\/wp\/v2\/categories?post=126306"},{"taxonomy":"post_tag","embeddable":true,"href":"https:\/\/vinasfm.com\/noticias\/wp-json\/wp\/v2\/tags?post=126306"}],"curies":[{"name":"wp","href":"https:\/\/api.w.org\/{rel}","templated":true}]}}