{"id":126299,"date":"2023-08-29T10:05:41","date_gmt":"2023-08-29T13:05:41","guid":{"rendered":"https:\/\/vinasfm.com\/noticias\/?p=126299"},"modified":"2023-08-30T08:21:39","modified_gmt":"2023-08-30T11:21:39","slug":"medicos-de-mendoza-piden-aumentar-140-el-valor-de-las-consultas-o-cobrarlas-de-modo-particular","status":"publish","type":"post","link":"https:\/\/vinasfm.com\/noticias\/medicos-de-mendoza-piden-aumentar-140-el-valor-de-las-consultas-o-cobrarlas-de-modo-particular\/","title":{"rendered":"M\u00c9DICOS DE MENDOZA PIDEN AUMENTAR 140% EL VALOR DE LAS CONSULTAS O COBRARLAS DE MODO PARTICULAR"},"content":{"rendered":"<p><strong>Afirmaron que desde el 1 de septiembre podr\u00edan cobrar todas las consultas como particulares si no son escuchados y que las prepagas demoran en depositarles. El canon al que apuntan es de 6 mil pesos.<\/strong><\/p>\n<p><strong>M\u00e9dicos de Mendoza\u00a0<\/strong>pidieron aumentar el valor de las\u00a0<strong>consultas\u00a0<\/strong>un\u00a0<strong>140%<\/strong> y de una sola vez. Y si no hay acuerdo en ese sentido con las prepagas, directamente cobrar cada consulta como si fueran pacientes particulares. Esto ser\u00eda el viernes 1 de septiembre, seg\u00fan anunciaron a \u00faltima hora de este lunes a trav\u00e9s de un <strong>comunicado<\/strong>. All\u00ed explicaron formalmente que quieren\u00a0<strong>llevar a 6 mil pesos el canon<\/strong> de cada encuentro (en promedio, actualmente oscila en los $ 2.500). Aseguraron en agosto les estaban cancelando facturas de mayo.<\/p>\n<p>Hay\u00a0<strong>48 horas para negociar.<\/strong>\u00a0De esa manera lo\u00a0<strong>plantearon las asociaciones m\u00e9dicas de la provincia,\u00a0<\/strong>que expresaron su descontento por la\u00a0<strong>\u201cfalta de escucha\u201d\u00a0<\/strong>que vienen teniendo ante sus solicitudes de\u00a0<strong>incrementar\u00a0<\/strong>ingresos. La explicaci\u00f3n es que<strong>\u00a0la demora en los pagos que les hacen las firmas privadas,<\/strong>\u00a0sumada al contexto de fuertes subas en insumos, tornaron imposible continuar cobrando los\u00a0<strong>valores actuales.<\/strong><\/p>\n<p><strong>\u201cEs nuestra oportunidad de que nuestra voz tenga fuerza.\u00a0<\/strong>Estamos en un\u00a0<strong>contexto hist\u00f3rico\u00a0<\/strong>y no hemos escuchado las propuestas que quer\u00edamos escuchar\u201d, comienza diciendo el escrito de una carilla y media que tiene las\u00a0<strong>firmas de 17 asociaciones de profesionales de la medicina provinciales.<\/strong><\/p>\n<p>El asunto de fondo es que<strong>\u00a0tienen prohibida la aplicaci\u00f3n de copagos: mecanismos a trav\u00e9s de los cuales cada paciente aporta de su bolsillo\u00a0<\/strong>todo aquel monto que los especialistas \u201cdejaron de recibir\u201d. O bien porque\u00a0<strong>los precios estaban demasiado bajos,\u00a0<\/strong>o porque una porci\u00f3n de lo que cobraron se\u00a0<strong>licu\u00f3\u00a0<\/strong>por la inflaci\u00f3n y las supuestas\u00a0<strong>demoras\u00a0<\/strong>en los desembolsos.<\/p>\n<p>Las firmas que se sumaron a esta petici\u00f3n, y a la vez anuncio de que desde el 1 de septiembre<strong>\u00a0habr\u00eda cobros extra,\u00a0<\/strong>son las asociaciones de oftalmolog\u00eda, pediatras, obstetras, dermat\u00f3logos, cirujanos y ur\u00f3logos. A ellos se agregaron desde las especialidades de\u00a0<strong>traumat\u00f3logos, otorrinolaring\u00f3logos, endocrin\u00f3logos y neurocirujanos,<\/strong>\u00a0entre otras.<\/p>\n<h2>Cu\u00e1l es la situaci\u00f3n de fondo para las prepagas<\/h2>\n<p>Si no hay acuerdo para incrementar los aranceles<strong>, la propuesta es directamente ir al formato de cobros particulares,<\/strong>\u00a0pero de cualquier manera habr\u00eda un aumento de hecho. Seg\u00fan explicaron, entre los\u00a0<strong>psiquiatras cada careo con los pacientes podr\u00eda incluso quedar m\u00e1s arriba: en 8 mil pesos promedio.<\/strong>\u00a0Esto tiene que ver con que en agosto, algunas prepagas todav\u00eda estaban\u00a0<strong>cancelando<\/strong>\u00a0aranceles de la primera mitad del a\u00f1o.<\/p>\n<p>Alejandro Kalbermatten, miembro de la Asociaci\u00f3n de Odontologos,\u00a0<strong>explic\u00f3 que la intenci\u00f3n es rever los convenios actuales y el por qu\u00e9 de la necesidad de modificarlos. <\/strong>\u00abLa intenci\u00f3n que tenemos los odontologos es que se mejoren las formas de pago de las obras sociales, por un lado.<strong>\u00a0Segundo, que los valores de las prestaciones est\u00e9n a tono con la econom\u00eda actual\u00bb,<\/strong>\u00a0se\u00f1al\u00f3.<\/p>\n<p>No s\u00f3lo est\u00e1 de fondo la\u00a0<strong>prohibici\u00f3n de cobrar coseguros\u00a0<\/strong>-que en la pr\u00e1ctica no tiene asidero, porque de todos modos los\u00a0<strong>profesionales los est\u00e1n llevando a cabo-<\/strong>, sino tambi\u00e9n la dificultad de las prepagas para hacer frente a la situaci\u00f3n econ\u00f3mica. Eso ha llevado a que\u00a0<strong>distintos pacientes busquen profesionales por fuera de las cartillas<\/strong>\u00a0que los cubren, para evitar demoras en los turnos u otros\u00a0<strong>problemas<\/strong>\u00a0relacionados con la faz econ\u00f3mica.<\/p>\n<p>A esto se suma, de acuerdo a lo que expresaron desde el sector, el\u00a0<strong>congelamiento de las subas<\/strong>\u00a0que esas firmas de medicina pretend\u00edan aplicar en los pr\u00f3ximos d\u00edas. A partir de los anuncios del ministro de Econom\u00eda,\u00a0<strong>Sergio Massa, se conoci\u00f3 que quedaban prohibidos todos los incrementos para esas empresas,\u00a0<\/strong>al menos durante los pr\u00f3ximos 90 d\u00edas y para aquellas familias cuyos ingresos no superen los\u00a0<strong>2 millones de pesos mensuales.<\/strong><\/p>\n<h2>\u00abEn Mendoza se est\u00e1n yendo los terapistas\u00bb<\/h2>\n<p><strong>Andrea Martin, m\u00e9dica especialista en Cl\u00ednica M\u00e9dica<\/strong>\u00a0y representante de la Asociaci\u00f3n de Cl\u00ednicos Internistas de Mendoza, dijo que uno de los \u00fanicos lugares de la provincia en el que todav\u00eda quedan intensivistas especializados es el\u00a0<strong>Hospital Central<\/strong>. \u00abPara ser especialista, t<strong>en\u00e9s que pasar 12 a\u00f1os de formaci\u00f3n y con honorarios bajos, que ni siquiera cubren montos para poder subsistir.\u00a0<\/strong>Es l\u00f3gico que hoy los profesionales quieran trabajar antes que especializarse\u00bb, cont\u00f3 en Radio Nihuil.<\/p>\n<p><strong>\u00abMendoza, adem\u00e1s, no tiene colegio m\u00e9dico<\/strong>. En Tucum\u00e1n o San Luis hay mejores valores de consulta y a veces esas entidades son las que\u00a0<strong>consiguen hacer negociaciones<\/strong>\u00a0como la que estamos llevando adelante. En\u00a0<strong>Chile\u00a0<\/strong>tambi\u00e9n hay mejores ofertas,\u00a0<strong>con valores de guardia que llegan casi a los 1000 d\u00f3lares.<\/strong>\u00a0Se paga en pesos chilenos, pero ese es el equivalente\u00bb.<\/p>\n<p><strong>Por \u00faltimo, la profesional dijo que los valores est\u00e1n fijos\u00a0<\/strong>desde hace meses y que por eso han tomado la decisi\u00f3n de avanzar solicitando las subas. Afirm\u00f3 que cuando las pregpagas cerraron\u00a0<strong>aumentos mayores al 100%, los m\u00e9dicos manten\u00edan una percepci\u00f3n de incrementos del 65%<\/strong>. Incluso, que las medidas ya se tomaron desde mucho tiempo antes del<strong>\u00a0congelamiento por 90<\/strong>\u00a0d\u00edas que dispuso el Palacio de Hacienda.<\/p>\n<p>\u00abAdem\u00e1s\u00a0<strong>est\u00e1n faltando insumos.<\/strong>\u00a0Actualmente yo trabajo en un hospital privado y se ve eso. Incluso para\u00a0<strong>pacientes que llevan alimentaci\u00f3n por vena, que es algo grave<\/strong>, esos insumos no est\u00e1n llegando\u00bb, cerr\u00f3.<\/p>\n","protected":false},"excerpt":{"rendered":"<p>Afirmaron que desde el 1 de septiembre podr\u00edan cobrar todas las consultas como particulares si no son escuchados y que las &#8230;<\/p>\n","protected":false},"author":7,"featured_media":126300,"comment_status":"open","ping_status":"open","sticky":false,"template":"","format":"standard","meta":{"footnotes":""},"categories":[5,15],"tags":[],"class_list":["post-126299","post","type-post","status-publish","format-standard","has-post-thumbnail","hentry","category-actualidad","category-salud"],"_links":{"self":[{"href":"https:\/\/vinasfm.com\/noticias\/wp-json\/wp\/v2\/posts\/126299","targetHints":{"allow":["GET"]}}],"collection":[{"href":"https:\/\/vinasfm.com\/noticias\/wp-json\/wp\/v2\/posts"}],"about":[{"href":"https:\/\/vinasfm.com\/noticias\/wp-json\/wp\/v2\/types\/post"}],"author":[{"embeddable":true,"href":"https:\/\/vinasfm.com\/noticias\/wp-json\/wp\/v2\/users\/7"}],"replies":[{"embeddable":true,"href":"https:\/\/vinasfm.com\/noticias\/wp-json\/wp\/v2\/comments?post=126299"}],"version-history":[{"count":3,"href":"https:\/\/vinasfm.com\/noticias\/wp-json\/wp\/v2\/posts\/126299\/revisions"}],"predecessor-version":[{"id":126304,"href":"https:\/\/vinasfm.com\/noticias\/wp-json\/wp\/v2\/posts\/126299\/revisions\/126304"}],"wp:featuredmedia":[{"embeddable":true,"href":"https:\/\/vinasfm.com\/noticias\/wp-json\/wp\/v2\/media\/126300"}],"wp:attachment":[{"href":"https:\/\/vinasfm.com\/noticias\/wp-json\/wp\/v2\/media?parent=126299"}],"wp:term":[{"taxonomy":"category","embeddable":true,"href":"https:\/\/vinasfm.com\/noticias\/wp-json\/wp\/v2\/categories?post=126299"},{"taxonomy":"post_tag","embeddable":true,"href":"https:\/\/vinasfm.com\/noticias\/wp-json\/wp\/v2\/tags?post=126299"}],"curies":[{"name":"wp","href":"https:\/\/api.w.org\/{rel}","templated":true}]}}