{"id":126284,"date":"2023-08-29T09:07:41","date_gmt":"2023-08-29T12:07:41","guid":{"rendered":"https:\/\/vinasfm.com\/noticias\/?p=126284"},"modified":"2023-08-31T10:38:03","modified_gmt":"2023-08-31T13:38:03","slug":"marcelo-araujo-dio-detalles-sobre-la-situacion-en-malargue","status":"publish","type":"post","link":"https:\/\/vinasfm.com\/noticias\/marcelo-araujo-dio-detalles-sobre-la-situacion-en-malargue\/","title":{"rendered":"EDUARDO ARAUJO DIO DETALLES SOBRE LA SITUACI\u00d3N EN MALARG\u00dcE"},"content":{"rendered":"<p><strong>El corresponsal malarg\u00fcino defini\u00f3 a la misma como complicada. <\/strong><\/p>\n<p>La nieve sigue acumulada en distintos sectores del departamento pero, afortunadamente, se logr\u00f3 retomar las actividades con normalidad pero a\u00fan se siguen realizando asistencias a la zona rural. Eduardo Araujo explic\u00f3 que <strong><em>\u201cha nevado en lugares en donde era poco com\u00fan que nevara y en otros lugares, en donde las nevadas son m\u00e1s habituales, no hubieron precipitaciones altas\u201d. \u00a0<\/em><\/strong><\/p>\n<p>Adem\u00e1s, el corresponsal se\u00f1al\u00f3 que <strong><em>\u201cno se han podido realizar vuelos con el helic\u00f3ptero ni con la aeronaves del Aeroclub Malarg\u00fce\u201d,<\/em><\/strong> esto se debe a que ha ingresado un frente que llev\u00f3 grandes precipitaciones a la alta monta\u00f1a provocando turbulencias.<\/p>\n<p>En cuanto a los aportes por parte del gobierno detall\u00f3; <strong><em>\u201cUna vez que se normaliz\u00f3 el acceso v\u00eda terrestre la ayuda a los productores se normaliz\u00f3 paulatinamente, hubieron 11 maquinas trabajando en los caminos tratando de llegar a las zonas m\u00e1s complicadas\u201d. <\/em><\/strong>Adem\u00e1s, se\u00f1al\u00f3 que desde la C\u00e1mara de Comercio <strong><em>\u201cse le envi\u00f3 un petitorio al Gobernador Rodolfo Suarez para que t\u00e9cnicos de la Direcci\u00f3n de Ganader\u00eda se establezcan en Malarg\u00fce para realizar un exhaustivo an\u00e1lisis sobre cu\u00e1les son las perdidas\u201d. <\/em><\/strong><\/p>\n<p>Lamentablemente, hay que recordar el fallecimiento de dos personas como consecuencias del dif\u00edcil acceso v\u00eda terrestre, <strong><em>\u201clos dos hechos ocurrieron en cercan\u00edas a Ciudad\u201d. <\/em><\/strong>A\u00fan contin\u00faan las investigaciones para tratar de estableces c\u00f3mo se dieron los hechos que desembocaron el fallecimiento de los dos ciudadanos.<\/p>\n<p>Por \u00faltimo, Araujo subray\u00f3 que<em><strong> \u201cdejando de lado las p\u00e9rdidas de animales y los dos fallecimientos, los mayores inconvenientes ocurrieron por la imprudencia de los conductores\u201d.<\/strong><\/em> Estos actos demoraron los trabajaos que realizaba personal de Vialidad Provincial ya que debieron auxiliar a los conductores que quedaran varados.<\/p>\n","protected":false},"excerpt":{"rendered":"<p>El corresponsal malarg\u00fcino defini\u00f3 a la misma como complicada. La nieve sigue acumulada en distintos sectores del departamento pero, afortunadamente, se &#8230;<\/p>\n","protected":false},"author":7,"featured_media":126287,"comment_status":"open","ping_status":"open","sticky":false,"template":"","format":"standard","meta":{"footnotes":""},"categories":[5,17],"tags":[],"class_list":["post-126284","post","type-post","status-publish","format-standard","has-post-thumbnail","hentry","category-actualidad","category-clima"],"_links":{"self":[{"href":"https:\/\/vinasfm.com\/noticias\/wp-json\/wp\/v2\/posts\/126284","targetHints":{"allow":["GET"]}}],"collection":[{"href":"https:\/\/vinasfm.com\/noticias\/wp-json\/wp\/v2\/posts"}],"about":[{"href":"https:\/\/vinasfm.com\/noticias\/wp-json\/wp\/v2\/types\/post"}],"author":[{"embeddable":true,"href":"https:\/\/vinasfm.com\/noticias\/wp-json\/wp\/v2\/users\/7"}],"replies":[{"embeddable":true,"href":"https:\/\/vinasfm.com\/noticias\/wp-json\/wp\/v2\/comments?post=126284"}],"version-history":[{"count":2,"href":"https:\/\/vinasfm.com\/noticias\/wp-json\/wp\/v2\/posts\/126284\/revisions"}],"predecessor-version":[{"id":126420,"href":"https:\/\/vinasfm.com\/noticias\/wp-json\/wp\/v2\/posts\/126284\/revisions\/126420"}],"wp:featuredmedia":[{"embeddable":true,"href":"https:\/\/vinasfm.com\/noticias\/wp-json\/wp\/v2\/media\/126287"}],"wp:attachment":[{"href":"https:\/\/vinasfm.com\/noticias\/wp-json\/wp\/v2\/media?parent=126284"}],"wp:term":[{"taxonomy":"category","embeddable":true,"href":"https:\/\/vinasfm.com\/noticias\/wp-json\/wp\/v2\/categories?post=126284"},{"taxonomy":"post_tag","embeddable":true,"href":"https:\/\/vinasfm.com\/noticias\/wp-json\/wp\/v2\/tags?post=126284"}],"curies":[{"name":"wp","href":"https:\/\/api.w.org\/{rel}","templated":true}]}}