{"id":126272,"date":"2023-08-29T08:26:07","date_gmt":"2023-08-29T11:26:07","guid":{"rendered":"https:\/\/vinasfm.com\/noticias\/?p=126272"},"modified":"2023-08-29T10:30:21","modified_gmt":"2023-08-29T13:30:21","slug":"vialidad-continua-trabajando-en-distintas-rutas-provinciales","status":"publish","type":"post","link":"https:\/\/vinasfm.com\/noticias\/vialidad-continua-trabajando-en-distintas-rutas-provinciales\/","title":{"rendered":"VIALIDAD CONTIN\u00daA TRABAJANDO EN DISTINTAS RUTAS PROVINCIALES"},"content":{"rendered":"<p><span style=\"color: #000000;\"><strong>Tras el temporal que cubri\u00f3 de blanco gran parte del territorio mendocino se debieron iniciar obras para despejar las rutas.<\/strong><\/span><\/p>\n<p><span style=\"color: #000000;\">En <strong>Ruta Provincial 101<\/strong> se recorri\u00f3 el trayecto hasta Las Aucas, en lugar se trabaj\u00f3 con una cargadora. Durante estos d\u00edas se continuar\u00e1 trabajando en direcci\u00f3n hacia La Jaula.<\/span><\/p>\n<p><a href=\"https:\/\/vinasfm.com\/noticias\/wp-content\/uploads\/2023\/08\/WhatsApp-Image-2023-08-28-at-21.01.56.jpeg\"><img loading=\"lazy\" decoding=\"async\" class=\"alignnone size-medium wp-image-126275\" src=\"https:\/\/vinasfm.com\/noticias\/wp-content\/uploads\/2023\/08\/WhatsApp-Image-2023-08-28-at-21.01.56-300x169.jpeg\" alt=\"\" width=\"300\" height=\"169\" srcset=\"https:\/\/vinasfm.com\/noticias\/wp-content\/uploads\/2023\/08\/WhatsApp-Image-2023-08-28-at-21.01.56-300x169.jpeg 300w, https:\/\/vinasfm.com\/noticias\/wp-content\/uploads\/2023\/08\/WhatsApp-Image-2023-08-28-at-21.01.56-1024x576.jpeg 1024w, https:\/\/vinasfm.com\/noticias\/wp-content\/uploads\/2023\/08\/WhatsApp-Image-2023-08-28-at-21.01.56-768x432.jpeg 768w, https:\/\/vinasfm.com\/noticias\/wp-content\/uploads\/2023\/08\/WhatsApp-Image-2023-08-28-at-21.01.56-750x420.jpeg 750w, https:\/\/vinasfm.com\/noticias\/wp-content\/uploads\/2023\/08\/WhatsApp-Image-2023-08-28-at-21.01.56-1140x641.jpeg 1140w, https:\/\/vinasfm.com\/noticias\/wp-content\/uploads\/2023\/08\/WhatsApp-Image-2023-08-28-at-21.01.56.jpeg 1280w\" sizes=\"auto, (max-width: 300px) 100vw, 300px\" \/><\/a><\/p>\n<p><span style=\"color: #000000;\">En <strong>Ruta Provincial 220<\/strong> se encuentra trabajando una cargadora la cual ha llegado hasta el Km 25. Hoy trabajar\u00e1 hasta el Km 30, arroyo Las Chilcas.<\/span><\/p>\n<p><a href=\"https:\/\/vinasfm.com\/noticias\/wp-content\/uploads\/2023\/08\/WhatsApp-Image-2023-08-28-at-21.01.58.jpeg\"><img loading=\"lazy\" decoding=\"async\" class=\"alignnone size-medium wp-image-126276\" src=\"https:\/\/vinasfm.com\/noticias\/wp-content\/uploads\/2023\/08\/WhatsApp-Image-2023-08-28-at-21.01.58-300x169.jpeg\" alt=\"\" width=\"300\" height=\"169\" srcset=\"https:\/\/vinasfm.com\/noticias\/wp-content\/uploads\/2023\/08\/WhatsApp-Image-2023-08-28-at-21.01.58-300x169.jpeg 300w, https:\/\/vinasfm.com\/noticias\/wp-content\/uploads\/2023\/08\/WhatsApp-Image-2023-08-28-at-21.01.58-1024x576.jpeg 1024w, https:\/\/vinasfm.com\/noticias\/wp-content\/uploads\/2023\/08\/WhatsApp-Image-2023-08-28-at-21.01.58-768x432.jpeg 768w, https:\/\/vinasfm.com\/noticias\/wp-content\/uploads\/2023\/08\/WhatsApp-Image-2023-08-28-at-21.01.58-750x420.jpeg 750w, https:\/\/vinasfm.com\/noticias\/wp-content\/uploads\/2023\/08\/WhatsApp-Image-2023-08-28-at-21.01.58-1140x641.jpeg 1140w, https:\/\/vinasfm.com\/noticias\/wp-content\/uploads\/2023\/08\/WhatsApp-Image-2023-08-28-at-21.01.58.jpeg 1280w\" sizes=\"auto, (max-width: 300px) 100vw, 300px\" \/><\/a> <a href=\"https:\/\/vinasfm.com\/noticias\/wp-content\/uploads\/2023\/08\/WhatsApp-Image-2023-08-28-at-21.01.59.jpeg\"><img loading=\"lazy\" decoding=\"async\" class=\"alignnone size-medium wp-image-126277\" src=\"https:\/\/vinasfm.com\/noticias\/wp-content\/uploads\/2023\/08\/WhatsApp-Image-2023-08-28-at-21.01.59-300x169.jpeg\" alt=\"\" width=\"300\" height=\"169\" srcset=\"https:\/\/vinasfm.com\/noticias\/wp-content\/uploads\/2023\/08\/WhatsApp-Image-2023-08-28-at-21.01.59-300x169.jpeg 300w, https:\/\/vinasfm.com\/noticias\/wp-content\/uploads\/2023\/08\/WhatsApp-Image-2023-08-28-at-21.01.59-1024x576.jpeg 1024w, https:\/\/vinasfm.com\/noticias\/wp-content\/uploads\/2023\/08\/WhatsApp-Image-2023-08-28-at-21.01.59-768x432.jpeg 768w, https:\/\/vinasfm.com\/noticias\/wp-content\/uploads\/2023\/08\/WhatsApp-Image-2023-08-28-at-21.01.59-750x420.jpeg 750w, https:\/\/vinasfm.com\/noticias\/wp-content\/uploads\/2023\/08\/WhatsApp-Image-2023-08-28-at-21.01.59-1140x641.jpeg 1140w, https:\/\/vinasfm.com\/noticias\/wp-content\/uploads\/2023\/08\/WhatsApp-Image-2023-08-28-at-21.01.59.jpeg 1280w\" sizes=\"auto, (max-width: 300px) 100vw, 300px\" \/><\/a><\/p>\n<p><span style=\"color: #000000;\">Tambi\u00e9n, en <strong>RP 220<\/strong> se mantuvo un encuentro en el Km 20 con Roxana Romero, delegada de El Sosneado. Durante la reuni\u00f3n se acord\u00f3 llegar al arroyo Las Chilcas, despu\u00e9s trabajar en 18 km del arroyo La Manga (en la zona hay 7 puesteros) y 7 km de otro arroyo (en donde hay 3 puesteros m\u00e1s). As\u00ed mismo, se dialog\u00f3 con Romero sobre la importancia de que <strong>el Municipio provea una cargadora para trabajar en los ingresos a los puestos, as\u00ed el Departamento Provincial de Vialidad podr\u00e1 trabajar con m\u00e1s celeridad en Rutas Provinciales.<\/strong><\/span><\/p>\n<p><a href=\"https:\/\/vinasfm.com\/noticias\/wp-content\/uploads\/2023\/08\/WhatsApp-Image-2023-08-28-at-21.02.01.jpeg\"><img loading=\"lazy\" decoding=\"async\" class=\"alignnone size-medium wp-image-126278\" src=\"https:\/\/vinasfm.com\/noticias\/wp-content\/uploads\/2023\/08\/WhatsApp-Image-2023-08-28-at-21.02.01-300x225.jpeg\" alt=\"\" width=\"300\" height=\"225\" srcset=\"https:\/\/vinasfm.com\/noticias\/wp-content\/uploads\/2023\/08\/WhatsApp-Image-2023-08-28-at-21.02.01-300x225.jpeg 300w, https:\/\/vinasfm.com\/noticias\/wp-content\/uploads\/2023\/08\/WhatsApp-Image-2023-08-28-at-21.02.01-1024x768.jpeg 1024w, https:\/\/vinasfm.com\/noticias\/wp-content\/uploads\/2023\/08\/WhatsApp-Image-2023-08-28-at-21.02.01-768x576.jpeg 768w, https:\/\/vinasfm.com\/noticias\/wp-content\/uploads\/2023\/08\/WhatsApp-Image-2023-08-28-at-21.02.01.jpeg 1280w\" sizes=\"auto, (max-width: 300px) 100vw, 300px\" \/><\/a> <a href=\"https:\/\/vinasfm.com\/noticias\/wp-content\/uploads\/2023\/08\/WhatsApp-Image-2023-08-28-at-21.02.00.jpeg\"><img loading=\"lazy\" decoding=\"async\" class=\"alignnone wp-image-126279\" src=\"https:\/\/vinasfm.com\/noticias\/wp-content\/uploads\/2023\/08\/WhatsApp-Image-2023-08-28-at-21.02.00-300x169.jpeg\" alt=\"\" width=\"398\" height=\"224\" srcset=\"https:\/\/vinasfm.com\/noticias\/wp-content\/uploads\/2023\/08\/WhatsApp-Image-2023-08-28-at-21.02.00-300x169.jpeg 300w, https:\/\/vinasfm.com\/noticias\/wp-content\/uploads\/2023\/08\/WhatsApp-Image-2023-08-28-at-21.02.00-1024x576.jpeg 1024w, https:\/\/vinasfm.com\/noticias\/wp-content\/uploads\/2023\/08\/WhatsApp-Image-2023-08-28-at-21.02.00-768x432.jpeg 768w, https:\/\/vinasfm.com\/noticias\/wp-content\/uploads\/2023\/08\/WhatsApp-Image-2023-08-28-at-21.02.00-750x420.jpeg 750w, https:\/\/vinasfm.com\/noticias\/wp-content\/uploads\/2023\/08\/WhatsApp-Image-2023-08-28-at-21.02.00-1140x641.jpeg 1140w, https:\/\/vinasfm.com\/noticias\/wp-content\/uploads\/2023\/08\/WhatsApp-Image-2023-08-28-at-21.02.00.jpeg 1280w\" sizes=\"auto, (max-width: 398px) 100vw, 398px\" \/><\/a><\/p>\n","protected":false},"excerpt":{"rendered":"<p>Tras el temporal que cubri\u00f3 de blanco gran parte del territorio mendocino se debieron iniciar obras para despejar las rutas. En &#8230;<\/p>\n","protected":false},"author":7,"featured_media":126274,"comment_status":"open","ping_status":"open","sticky":false,"template":"","format":"standard","meta":{"footnotes":""},"categories":[5,79],"tags":[],"class_list":["post-126272","post","type-post","status-publish","format-standard","has-post-thumbnail","hentry","category-actualidad","category-vialidad"],"_links":{"self":[{"href":"https:\/\/vinasfm.com\/noticias\/wp-json\/wp\/v2\/posts\/126272","targetHints":{"allow":["GET"]}}],"collection":[{"href":"https:\/\/vinasfm.com\/noticias\/wp-json\/wp\/v2\/posts"}],"about":[{"href":"https:\/\/vinasfm.com\/noticias\/wp-json\/wp\/v2\/types\/post"}],"author":[{"embeddable":true,"href":"https:\/\/vinasfm.com\/noticias\/wp-json\/wp\/v2\/users\/7"}],"replies":[{"embeddable":true,"href":"https:\/\/vinasfm.com\/noticias\/wp-json\/wp\/v2\/comments?post=126272"}],"version-history":[{"count":1,"href":"https:\/\/vinasfm.com\/noticias\/wp-json\/wp\/v2\/posts\/126272\/revisions"}],"predecessor-version":[{"id":126280,"href":"https:\/\/vinasfm.com\/noticias\/wp-json\/wp\/v2\/posts\/126272\/revisions\/126280"}],"wp:featuredmedia":[{"embeddable":true,"href":"https:\/\/vinasfm.com\/noticias\/wp-json\/wp\/v2\/media\/126274"}],"wp:attachment":[{"href":"https:\/\/vinasfm.com\/noticias\/wp-json\/wp\/v2\/media?parent=126272"}],"wp:term":[{"taxonomy":"category","embeddable":true,"href":"https:\/\/vinasfm.com\/noticias\/wp-json\/wp\/v2\/categories?post=126272"},{"taxonomy":"post_tag","embeddable":true,"href":"https:\/\/vinasfm.com\/noticias\/wp-json\/wp\/v2\/tags?post=126272"}],"curies":[{"name":"wp","href":"https:\/\/api.w.org\/{rel}","templated":true}]}}