{"id":126236,"date":"2023-08-28T10:56:11","date_gmt":"2023-08-28T13:56:11","guid":{"rendered":"https:\/\/vinasfm.com\/noticias\/?p=126236"},"modified":"2023-08-29T08:06:34","modified_gmt":"2023-08-29T11:06:34","slug":"vialidad-mendoza-asistio-a-los-puesteros-liberando-mas-de-100-kilometros-de-caminos-en-san-carlos","status":"publish","type":"post","link":"https:\/\/vinasfm.com\/noticias\/vialidad-mendoza-asistio-a-los-puesteros-liberando-mas-de-100-kilometros-de-caminos-en-san-carlos\/","title":{"rendered":"VIALIDAD MENDOZA ASISTI\u00d3 A LOS PUESTEROS LIBERANDO M\u00c1S DE 100 KIL\u00d3METROS DE CAMINOS EN SAN CARLOS"},"content":{"rendered":"<p><strong>Los equipos de la DPV trabajaron durante todo el fin de semana.<\/strong><\/p>\n<p>Este fin de semana, Vialidad Mendoza liber\u00f3 m\u00e1s 100 kil\u00f3metros de caminos, entre el paraje La Jaula y el ingreso a Laguna del Diamante, en San Carlos, lo que permiti\u00f3 poner fin al aislamiento de los puesteros de la zona, afectados por la gran nevada de la semana pasada. Cabe destacar que en el lugar la acumulaci\u00f3n estuvo por encima del medio metro de nieve.<\/p>\n<p>Entre el viernes, s\u00e1bado y domingo, las m\u00e1quinas de la Direcci\u00f3n Provincial de Vialidad, avanzaron por la Ruta Provincial 101, hasta la zona de La Jaula, limpiando el camino de suelo natural hacia el sur, desde la bajada del Papagayo hasta el arroyo Cortaderas, luego hasta la subida del arroyo Hondo y, desde all\u00ed, hasta El Carrizalito.<\/p>\n<p>Fue un trayecto en el que se despejaron 55 kil\u00f3metros con 40 cent\u00edmetros de nieve, que imped\u00eda que fuera transitado. Hoy, las m\u00e1quinas estar\u00e1n llegando al puesto La Jaula, donde adem\u00e1s hay un establecimiento escolar.<\/p>\n<p>Mientras tanto, otros equipos de la Direcci\u00f3n Provincial de Vialidad trabajaron sobre la Ruta Provincial 98, que conecta a la Ruta Nacional 40 con la Laguna del Diamante. La tarea permiti\u00f3 llegar hasta el puesto de guardaparques, que tambi\u00e9n hab\u00eda quedado aislado.<\/p>\n<p>En este caso, se despejaron otros 55 kil\u00f3metros de camino, tambi\u00e9n de suelo natural, con m\u00e1s de 50 cent\u00edmetros de nieve, abriendo la brecha que estaba bloqueada hasta el puesto Alvarado, donde est\u00e1 el destacamento de los guardaparques, que durante la temporada de verano residen en esta zona protegida de Mendoza.<\/p>\n<figure class=\"wp-block-gallery columns-3\">\n<figure><a href=\"https:\/\/www.mendoza.gov.ar\/wp-content\/uploads\/sites\/5\/2023\/08\/WhatsApp-Image-2023-08-26-at-23.20.07.jpeg\"><img loading=\"lazy\" decoding=\"async\" class=\"wp-image-372543 img-responsive center-block\" src=\"https:\/\/www.mendoza.gov.ar\/wp-content\/uploads\/sites\/5\/2023\/08\/WhatsApp-Image-2023-08-26-at-23.20.07-700x525.jpeg\" sizes=\"auto, (max-width: 700px) 100vw, 700px\" srcset=\"https:\/\/www.mendoza.gov.ar\/wp-content\/uploads\/sites\/5\/2023\/08\/WhatsApp-Image-2023-08-26-at-23.20.07-700x525.jpeg 700w, https:\/\/www.mendoza.gov.ar\/wp-content\/uploads\/sites\/5\/2023\/08\/WhatsApp-Image-2023-08-26-at-23.20.07-250x188.jpeg 250w, https:\/\/www.mendoza.gov.ar\/wp-content\/uploads\/sites\/5\/2023\/08\/WhatsApp-Image-2023-08-26-at-23.20.07-768x576.jpeg 768w, https:\/\/www.mendoza.gov.ar\/wp-content\/uploads\/sites\/5\/2023\/08\/WhatsApp-Image-2023-08-26-at-23.20.07-1536x1152.jpeg 1536w, https:\/\/www.mendoza.gov.ar\/wp-content\/uploads\/sites\/5\/2023\/08\/WhatsApp-Image-2023-08-26-at-23.20.07-120x90.jpeg 120w, https:\/\/www.mendoza.gov.ar\/wp-content\/uploads\/sites\/5\/2023\/08\/WhatsApp-Image-2023-08-26-at-23.20.07.jpeg 1600w\" alt=\"\" width=\"700\" height=\"525\" data-id=\"372543\" data-full-url=\"https:\/\/www.mendoza.gov.ar\/wp-content\/uploads\/sites\/5\/2023\/08\/WhatsApp-Image-2023-08-26-at-23.20.07.jpeg\" data-link=\"https:\/\/www.mendoza.gov.ar\/prensa\/?attachment_id=372543\" \/><\/a><\/figure>\n<\/figure>\n","protected":false},"excerpt":{"rendered":"<p>Los equipos de la DPV trabajaron durante todo el fin de semana. Este fin de semana, Vialidad Mendoza liber\u00f3 m\u00e1s 100 &#8230;<\/p>\n","protected":false},"author":7,"featured_media":126238,"comment_status":"open","ping_status":"open","sticky":false,"template":"","format":"standard","meta":{"footnotes":""},"categories":[5,79],"tags":[],"class_list":["post-126236","post","type-post","status-publish","format-standard","has-post-thumbnail","hentry","category-actualidad","category-vialidad"],"_links":{"self":[{"href":"https:\/\/vinasfm.com\/noticias\/wp-json\/wp\/v2\/posts\/126236","targetHints":{"allow":["GET"]}}],"collection":[{"href":"https:\/\/vinasfm.com\/noticias\/wp-json\/wp\/v2\/posts"}],"about":[{"href":"https:\/\/vinasfm.com\/noticias\/wp-json\/wp\/v2\/types\/post"}],"author":[{"embeddable":true,"href":"https:\/\/vinasfm.com\/noticias\/wp-json\/wp\/v2\/users\/7"}],"replies":[{"embeddable":true,"href":"https:\/\/vinasfm.com\/noticias\/wp-json\/wp\/v2\/comments?post=126236"}],"version-history":[{"count":1,"href":"https:\/\/vinasfm.com\/noticias\/wp-json\/wp\/v2\/posts\/126236\/revisions"}],"predecessor-version":[{"id":126239,"href":"https:\/\/vinasfm.com\/noticias\/wp-json\/wp\/v2\/posts\/126236\/revisions\/126239"}],"wp:featuredmedia":[{"embeddable":true,"href":"https:\/\/vinasfm.com\/noticias\/wp-json\/wp\/v2\/media\/126238"}],"wp:attachment":[{"href":"https:\/\/vinasfm.com\/noticias\/wp-json\/wp\/v2\/media?parent=126236"}],"wp:term":[{"taxonomy":"category","embeddable":true,"href":"https:\/\/vinasfm.com\/noticias\/wp-json\/wp\/v2\/categories?post=126236"},{"taxonomy":"post_tag","embeddable":true,"href":"https:\/\/vinasfm.com\/noticias\/wp-json\/wp\/v2\/tags?post=126236"}],"curies":[{"name":"wp","href":"https:\/\/api.w.org\/{rel}","templated":true}]}}