{"id":126228,"date":"2023-08-28T10:22:24","date_gmt":"2023-08-28T13:22:24","guid":{"rendered":"https:\/\/vinasfm.com\/noticias\/?p=126228"},"modified":"2023-08-28T12:10:58","modified_gmt":"2023-08-28T15:10:58","slug":"jose-thomas-en-alvear-se-trabaja-mucho-por-la-educacion","status":"publish","type":"post","link":"https:\/\/vinasfm.com\/noticias\/jose-thomas-en-alvear-se-trabaja-mucho-por-la-educacion\/","title":{"rendered":"JOS\u00c9 THOMAS; \u201cEN ALVEAR SE TRABAJA MUCHO POR LA EDUCACI\u00d3N\u201d"},"content":{"rendered":"<p><strong>Con gran \u00e9xito concluy\u00f3 el XVIII Congreso de Educaci\u00f3n: \u201cAprender para transformar, una reflexi\u00f3n interdisciplinar sobre el pensamiento cr\u00edtico\u201d, que cont\u00f3 con una gran participaci\u00f3n docente, adem\u00e1s de disertantes de nivel internacional como Facundo Manes, Mateo Salvatto y M\u00f3nica Coronado, entre otros.<\/strong><\/p>\n<p>El Director General de Escuela, Jos\u00e9 Thomas, tambi\u00e9n fue participe del XVIII Congreso de Educaci\u00f3n. Sobre este \u00a0expres\u00f3:<em><strong> \u201cFueron muy interesantes las ponencias sobre el pensamiento reflexivo, c\u00f3mo lograr que los chicos lean, la importancia de la palabra y la construcci\u00f3n de una mejor educaci\u00f3n. Por la alegr\u00eda, la felicidad y el compromiso de los asistentes, en su mayor\u00eda docentes, se nota el esfuerzo y la fuerza para mejorar la educaci\u00f3n\u201d.<\/strong><\/em><\/p>\n<p>Thomas sostuvo que <strong><em>\u201cen Alvear se trabaja mucho por la educaci\u00f3n. El congreso es parte de una pol\u00edtica de Estado que est\u00e1 alineada a la pol\u00edtica provincial, porque toca temas de lo m\u00e1s importantes, como es la alfabetizaci\u00f3n\u201d.<\/em><\/strong><\/p>\n","protected":false},"excerpt":{"rendered":"<p>Con gran \u00e9xito concluy\u00f3 el XVIII Congreso de Educaci\u00f3n: \u201cAprender para transformar, una reflexi\u00f3n interdisciplinar sobre el pensamiento cr\u00edtico\u201d, que cont\u00f3 &#8230;<\/p>\n","protected":false},"author":7,"featured_media":126229,"comment_status":"open","ping_status":"open","sticky":false,"template":"","format":"standard","meta":{"footnotes":""},"categories":[5,18],"tags":[],"class_list":["post-126228","post","type-post","status-publish","format-standard","has-post-thumbnail","hentry","category-actualidad","category-educacion"],"_links":{"self":[{"href":"https:\/\/vinasfm.com\/noticias\/wp-json\/wp\/v2\/posts\/126228","targetHints":{"allow":["GET"]}}],"collection":[{"href":"https:\/\/vinasfm.com\/noticias\/wp-json\/wp\/v2\/posts"}],"about":[{"href":"https:\/\/vinasfm.com\/noticias\/wp-json\/wp\/v2\/types\/post"}],"author":[{"embeddable":true,"href":"https:\/\/vinasfm.com\/noticias\/wp-json\/wp\/v2\/users\/7"}],"replies":[{"embeddable":true,"href":"https:\/\/vinasfm.com\/noticias\/wp-json\/wp\/v2\/comments?post=126228"}],"version-history":[{"count":1,"href":"https:\/\/vinasfm.com\/noticias\/wp-json\/wp\/v2\/posts\/126228\/revisions"}],"predecessor-version":[{"id":126230,"href":"https:\/\/vinasfm.com\/noticias\/wp-json\/wp\/v2\/posts\/126228\/revisions\/126230"}],"wp:featuredmedia":[{"embeddable":true,"href":"https:\/\/vinasfm.com\/noticias\/wp-json\/wp\/v2\/media\/126229"}],"wp:attachment":[{"href":"https:\/\/vinasfm.com\/noticias\/wp-json\/wp\/v2\/media?parent=126228"}],"wp:term":[{"taxonomy":"category","embeddable":true,"href":"https:\/\/vinasfm.com\/noticias\/wp-json\/wp\/v2\/categories?post=126228"},{"taxonomy":"post_tag","embeddable":true,"href":"https:\/\/vinasfm.com\/noticias\/wp-json\/wp\/v2\/tags?post=126228"}],"curies":[{"name":"wp","href":"https:\/\/api.w.org\/{rel}","templated":true}]}}