{"id":126226,"date":"2023-08-28T11:13:22","date_gmt":"2023-08-28T14:13:22","guid":{"rendered":"https:\/\/vinasfm.com\/noticias\/?p=126226"},"modified":"2023-08-29T09:39:36","modified_gmt":"2023-08-29T12:39:36","slug":"xviii-congreso-de-educacion-mateo-salvatto-la-educacion-fue-fundamental-para-mis-logros","status":"publish","type":"post","link":"https:\/\/vinasfm.com\/noticias\/xviii-congreso-de-educacion-mateo-salvatto-la-educacion-fue-fundamental-para-mis-logros\/","title":{"rendered":"XVIII CONGRESO DE EDUCACI\u00d3N: MATEO SALVATTO \u00abLA EDUCACI\u00d3N FUE FUNDAMENTAL PARA MIS LOGROS\u00bb"},"content":{"rendered":"<p><span style=\"color: #000000;\"><strong>Finaliz\u00f3 la edici\u00f3n n\u00famero XVIII del congreso de educaci\u00f3n y uno de los disertantes fue el j\u00f3ven empresario de 23 a\u00f1os Matteo Salvatto, creador de la aplicaci\u00f3n \u00abhablalo\u00bb, una app m\u00f3vil inclusiva para personas con dificultades para comunicarse.<\/strong><\/span><\/p>\n<p><span style=\"color: #000000;\">El joven empresario mostr\u00f3 su alegria al poder visitar el departamento de General Alvear y elogi\u00f3 el hecho de poder disertar en un evento dedicado a la educaci\u00f3n. Destac\u00f3 que se\u00a0 alegra que tanto en el departamento como en el pa\u00eds se est\u00e9 poniendo el acento en terminos de educacion en todos sus aspectos, brind\u00e1ndole tiempo, cabeza, esfuerzo. <em><strong>\u00abes una de las principales cosas que la Argentina necesita para proyectarse en el futuro\u00bb<\/strong><\/em><\/span><\/p>\n<p><a href=\"https:\/\/vinasfm.com\/noticias\/wp-content\/uploads\/2023\/08\/371445767_605956175067991_1476119869276298812_n.jpg\"><img loading=\"lazy\" decoding=\"async\" class=\"alignnone size-medium wp-image-126201\" src=\"https:\/\/vinasfm.com\/noticias\/wp-content\/uploads\/2023\/08\/371445767_605956175067991_1476119869276298812_n-300x200.jpg\" alt=\"\" width=\"300\" height=\"200\" srcset=\"https:\/\/vinasfm.com\/noticias\/wp-content\/uploads\/2023\/08\/371445767_605956175067991_1476119869276298812_n-300x200.jpg 300w, https:\/\/vinasfm.com\/noticias\/wp-content\/uploads\/2023\/08\/371445767_605956175067991_1476119869276298812_n-1024x684.jpg 1024w, https:\/\/vinasfm.com\/noticias\/wp-content\/uploads\/2023\/08\/371445767_605956175067991_1476119869276298812_n-768x513.jpg 768w, https:\/\/vinasfm.com\/noticias\/wp-content\/uploads\/2023\/08\/371445767_605956175067991_1476119869276298812_n-1536x1025.jpg 1536w, https:\/\/vinasfm.com\/noticias\/wp-content\/uploads\/2023\/08\/371445767_605956175067991_1476119869276298812_n.jpg 1600w\" sizes=\"auto, (max-width: 300px) 100vw, 300px\" \/><\/a><\/p>\n<h6>Salvatto junto a Roxana Molero y Walther Marcolini<\/h6>\n<p><span style=\"color: #000000;\"><strong>\u00abMi objetivo es tratar de mostrar a trav\u00e9s del ejemplo en relaci\u00f3n con el emprendedurismo, la tecnologia, la innovaci\u00f3n, la inclusion, \u00a0que cualquier persona con las condiciones correctas y con docentes que los apoyen, puede lograrlo y de mostrar las capacidades que tiene la Argentina en estos aspectos de proyectarse como una potencia a nivel tecnologia. No hay un publico mas importante a convencer que los educadores\u00bb.<\/strong><\/span><\/p>\n<p><span style=\"color: #000000;\"><strong><span style=\"color: #0000ff;\">Salvatto<\/span><\/strong> asegur\u00f3 que la educaci\u00f3n fue central para sus logros, menciono <em><strong>\u00abyo podria haber tenido mil ideas y ganas pero sin un marco institucional y los docentes que me apoyaron, brindaros ideaas, ver la motivaci\u00f3n hasta en mi casa, mi mam\u00e1 es docente hace muchos a\u00f1os, creo que todo eso molde\u00f3 lo que se logr\u00f3, si no hubiera tenido ese inicio probablemente hoy no tendria este presente\u00bb.<\/strong><\/em><\/span><\/p>\n<h6><span style=\"color: #000000;\">Danilo Montiel<\/span><\/h6>\n","protected":false},"excerpt":{"rendered":"<p>Finaliz\u00f3 la edici\u00f3n n\u00famero XVIII del congreso de educaci\u00f3n y uno de los disertantes fue el j\u00f3ven empresario de 23 a\u00f1os &#8230;<\/p>\n","protected":false},"author":7,"featured_media":126249,"comment_status":"open","ping_status":"open","sticky":false,"template":"","format":"standard","meta":{"footnotes":""},"categories":[5,18],"tags":[],"class_list":["post-126226","post","type-post","status-publish","format-standard","has-post-thumbnail","hentry","category-actualidad","category-educacion"],"_links":{"self":[{"href":"https:\/\/vinasfm.com\/noticias\/wp-json\/wp\/v2\/posts\/126226","targetHints":{"allow":["GET"]}}],"collection":[{"href":"https:\/\/vinasfm.com\/noticias\/wp-json\/wp\/v2\/posts"}],"about":[{"href":"https:\/\/vinasfm.com\/noticias\/wp-json\/wp\/v2\/types\/post"}],"author":[{"embeddable":true,"href":"https:\/\/vinasfm.com\/noticias\/wp-json\/wp\/v2\/users\/7"}],"replies":[{"embeddable":true,"href":"https:\/\/vinasfm.com\/noticias\/wp-json\/wp\/v2\/comments?post=126226"}],"version-history":[{"count":3,"href":"https:\/\/vinasfm.com\/noticias\/wp-json\/wp\/v2\/posts\/126226\/revisions"}],"predecessor-version":[{"id":126250,"href":"https:\/\/vinasfm.com\/noticias\/wp-json\/wp\/v2\/posts\/126226\/revisions\/126250"}],"wp:featuredmedia":[{"embeddable":true,"href":"https:\/\/vinasfm.com\/noticias\/wp-json\/wp\/v2\/media\/126249"}],"wp:attachment":[{"href":"https:\/\/vinasfm.com\/noticias\/wp-json\/wp\/v2\/media?parent=126226"}],"wp:term":[{"taxonomy":"category","embeddable":true,"href":"https:\/\/vinasfm.com\/noticias\/wp-json\/wp\/v2\/categories?post=126226"},{"taxonomy":"post_tag","embeddable":true,"href":"https:\/\/vinasfm.com\/noticias\/wp-json\/wp\/v2\/tags?post=126226"}],"curies":[{"name":"wp","href":"https:\/\/api.w.org\/{rel}","templated":true}]}}