{"id":126022,"date":"2023-08-24T09:27:49","date_gmt":"2023-08-24T12:27:49","guid":{"rendered":"https:\/\/vinasfm.com\/noticias\/?p=126022"},"modified":"2023-08-24T21:15:56","modified_gmt":"2023-08-25T00:15:56","slug":"se-viene-una-nueva-carrera-de-autos-antiguos","status":"publish","type":"post","link":"https:\/\/vinasfm.com\/noticias\/se-viene-una-nueva-carrera-de-autos-antiguos\/","title":{"rendered":"SE VIENE UNA NUEVA CARRERA DE AUTOS ANTIGUOS"},"content":{"rendered":"<p><strong>En el marco del 3\u00b0 aniversario del Club Alvearense de Veh\u00edculos Antiguos, se viene una nueva edici\u00f3n de la \u201cCarrera de Regularidad\u201d, que tendr\u00e1 lugar este domingo 27 de agosto. <\/strong><\/p>\n<p>Daniel Platero, miembro del <a href=\"https:\/\/www.instagram.com\/cavaalvear\/?hl=es-la\">CAVA<\/a>, detall\u00f3 que <strong><em>\u201chay una gran cantidad de inscriptos de varios lugares ajenos ajenos al departamento\u201d.<\/em><\/strong><\/p>\n<p>Para la Carrera de Regularidad se establece un circuito, que recorrer\u00e1 distintos puntos del departamento, y se pautan los tiempos necesarios para completar las distintas distancias dentro del recorrido. La particularidad de esta carrera es que no se corre a grandes velocidades (la m\u00e1xima permitida es de 45 km\/h<em>).<\/em><strong><em> \u201cPara ganar es importante terminar con un bien tiempo, pero respetando sem\u00e1foros, peatones y el transito normal\u201d<\/em><\/strong>, se\u00f1al\u00f3.<\/p>\n<p><strong><em>\u201cEl ganador se determina por quien tiene menor cantidad de puntos\u00a0 en contra, que se obtendr\u00e1n en cada puesto de control, adem\u00e1s se contemplar\u00e1 el modelo del veh\u00edculo\u201d<\/em><\/strong><strong>, <\/strong>detall\u00f3 Platero.<\/p>\n<p><a href=\"https:\/\/vinasfm.com\/noticias\/wp-content\/uploads\/2023\/08\/WhatsApp-Image-2023-08-24-at-09.25.34.jpeg\"><img loading=\"lazy\" decoding=\"async\" class=\"alignnone size-medium wp-image-126024\" src=\"https:\/\/vinasfm.com\/noticias\/wp-content\/uploads\/2023\/08\/WhatsApp-Image-2023-08-24-at-09.25.34-300x225.jpeg\" alt=\"\" width=\"300\" height=\"225\" srcset=\"https:\/\/vinasfm.com\/noticias\/wp-content\/uploads\/2023\/08\/WhatsApp-Image-2023-08-24-at-09.25.34-300x225.jpeg 300w, https:\/\/vinasfm.com\/noticias\/wp-content\/uploads\/2023\/08\/WhatsApp-Image-2023-08-24-at-09.25.34-1024x768.jpeg 1024w, https:\/\/vinasfm.com\/noticias\/wp-content\/uploads\/2023\/08\/WhatsApp-Image-2023-08-24-at-09.25.34-768x576.jpeg 768w, https:\/\/vinasfm.com\/noticias\/wp-content\/uploads\/2023\/08\/WhatsApp-Image-2023-08-24-at-09.25.34.jpeg 1040w\" sizes=\"auto, (max-width: 300px) 100vw, 300px\" \/><\/a><\/p>\n<h6>Daniel Platero<\/h6>\n<p>Si bien durante el recorrido los veh\u00edculos no parar\u00e1n en ning\u00fan momento, el d\u00eda s\u00e1bado desde las 19:00 estar\u00e1n expuestos en la plaza Carlos Mar\u00eda de Alvear. La carrera iniciar\u00e1 el d\u00eda domingo a las 10:00 horas, los corredores tienen cita a las 9:00<\/p>\n<p><a href=\"https:\/\/vinasfm.com\/noticias\/wp-content\/uploads\/2023\/08\/df2f14cb-0c64-404f-9fe0-c8173e29d434.jpg\"><img loading=\"lazy\" decoding=\"async\" class=\"alignnone size-medium wp-image-126038\" src=\"https:\/\/vinasfm.com\/noticias\/wp-content\/uploads\/2023\/08\/df2f14cb-0c64-404f-9fe0-c8173e29d434-300x300.jpg\" alt=\"\" width=\"300\" height=\"300\" srcset=\"https:\/\/vinasfm.com\/noticias\/wp-content\/uploads\/2023\/08\/df2f14cb-0c64-404f-9fe0-c8173e29d434-300x300.jpg 300w, https:\/\/vinasfm.com\/noticias\/wp-content\/uploads\/2023\/08\/df2f14cb-0c64-404f-9fe0-c8173e29d434-1024x1024.jpg 1024w, https:\/\/vinasfm.com\/noticias\/wp-content\/uploads\/2023\/08\/df2f14cb-0c64-404f-9fe0-c8173e29d434-150x150.jpg 150w, https:\/\/vinasfm.com\/noticias\/wp-content\/uploads\/2023\/08\/df2f14cb-0c64-404f-9fe0-c8173e29d434-768x768.jpg 768w, https:\/\/vinasfm.com\/noticias\/wp-content\/uploads\/2023\/08\/df2f14cb-0c64-404f-9fe0-c8173e29d434-360x360.jpg 360w, https:\/\/vinasfm.com\/noticias\/wp-content\/uploads\/2023\/08\/df2f14cb-0c64-404f-9fe0-c8173e29d434-750x750.jpg 750w, https:\/\/vinasfm.com\/noticias\/wp-content\/uploads\/2023\/08\/df2f14cb-0c64-404f-9fe0-c8173e29d434.jpg 1080w\" sizes=\"auto, (max-width: 300px) 100vw, 300px\" \/><\/a><\/p>\n<p><strong>Con aproximadamente 50 km de recorrido, los autos antiguos recorrer\u00e1n las calles. <\/strong><\/p>\n<ul>\n<li><strong>La largada ser\u00e1 en la plaza Carlos Mar\u00eda de Alvear<\/strong><\/li>\n<li>Ruta 143 Sur<\/li>\n<li>Santa Fe<\/li>\n<li>Calle 7<\/li>\n<li>Calle 0<\/li>\n<li>Calle 16<\/li>\n<li>Centenario<\/li>\n<li>Mart\u00edn de Irigoyen<\/li>\n<li>Zeballos<\/li>\n<li>Alem Sur<\/li>\n<li>Jorge Sim\u00f3n<\/li>\n<li><strong>Finaliza en el Aeroclub <\/strong><\/li>\n<\/ul>\n","protected":false},"excerpt":{"rendered":"<p>En el marco del 3\u00b0 aniversario del Club Alvearense de Veh\u00edculos Antiguos, se viene una nueva edici\u00f3n de la \u201cCarrera de &#8230;<\/p>\n","protected":false},"author":7,"featured_media":126023,"comment_status":"open","ping_status":"open","sticky":false,"template":"","format":"standard","meta":{"footnotes":""},"categories":[5,3],"tags":[],"class_list":["post-126022","post","type-post","status-publish","format-standard","has-post-thumbnail","hentry","category-actualidad","category-deportes"],"_links":{"self":[{"href":"https:\/\/vinasfm.com\/noticias\/wp-json\/wp\/v2\/posts\/126022","targetHints":{"allow":["GET"]}}],"collection":[{"href":"https:\/\/vinasfm.com\/noticias\/wp-json\/wp\/v2\/posts"}],"about":[{"href":"https:\/\/vinasfm.com\/noticias\/wp-json\/wp\/v2\/types\/post"}],"author":[{"embeddable":true,"href":"https:\/\/vinasfm.com\/noticias\/wp-json\/wp\/v2\/users\/7"}],"replies":[{"embeddable":true,"href":"https:\/\/vinasfm.com\/noticias\/wp-json\/wp\/v2\/comments?post=126022"}],"version-history":[{"count":3,"href":"https:\/\/vinasfm.com\/noticias\/wp-json\/wp\/v2\/posts\/126022\/revisions"}],"predecessor-version":[{"id":126039,"href":"https:\/\/vinasfm.com\/noticias\/wp-json\/wp\/v2\/posts\/126022\/revisions\/126039"}],"wp:featuredmedia":[{"embeddable":true,"href":"https:\/\/vinasfm.com\/noticias\/wp-json\/wp\/v2\/media\/126023"}],"wp:attachment":[{"href":"https:\/\/vinasfm.com\/noticias\/wp-json\/wp\/v2\/media?parent=126022"}],"wp:term":[{"taxonomy":"category","embeddable":true,"href":"https:\/\/vinasfm.com\/noticias\/wp-json\/wp\/v2\/categories?post=126022"},{"taxonomy":"post_tag","embeddable":true,"href":"https:\/\/vinasfm.com\/noticias\/wp-json\/wp\/v2\/tags?post=126022"}],"curies":[{"name":"wp","href":"https:\/\/api.w.org\/{rel}","templated":true}]}}