{"id":126016,"date":"2023-08-23T18:41:58","date_gmt":"2023-08-23T21:41:58","guid":{"rendered":"https:\/\/vinasfm.com\/noticias\/?p=126016"},"modified":"2023-08-24T21:16:51","modified_gmt":"2023-08-25T00:16:51","slug":"el-temporal-pinto-a-malargue-de-blanco","status":"publish","type":"post","link":"https:\/\/vinasfm.com\/noticias\/el-temporal-pinto-a-malargue-de-blanco\/","title":{"rendered":"EL TEMPORAL PINT\u00d3 A MALARG\u00dcE DE BLANCO\u00a0"},"content":{"rendered":"<p><b><i><span data-contrast=\"auto\">El pron\u00f3stico se cumpli\u00f3 y parte del territorio mendocino se pint\u00f3 de blanco. <\/span><\/i><\/b><span data-ccp-props=\"{&quot;134233117&quot;:false,&quot;134233118&quot;:false,&quot;201341983&quot;:0,&quot;335551550&quot;:1,&quot;335551620&quot;:1,&quot;335559685&quot;:0,&quot;335559737&quot;:0,&quot;335559738&quot;:0,&quot;335559739&quot;:160,&quot;335559740&quot;:259}\">\u00a0<\/span><\/p>\n<p>Desde FM VI\u00d1AS tomamos contacto con Marcelo Araujo, corresponsal malarg\u00fcino, qui\u00e9n se\u00f1al\u00f3 que <b><i><span data-contrast=\"auto\">\u201cen la Ciudad de Malarg\u00fce y sus alrededores han precipitado entre 60 y 80 cent\u00edmetros\u201d. <\/span><\/i><\/b><span data-contrast=\"auto\">Adem\u00e1s, del temporal ha dejado al departamento sure\u00f1o sin conexi\u00f3n terrestre con el norte provincial. <\/span><span data-ccp-props=\"{&quot;134233117&quot;:false,&quot;134233118&quot;:false,&quot;201341983&quot;:0,&quot;335551550&quot;:1,&quot;335551620&quot;:1,&quot;335559685&quot;:0,&quot;335559737&quot;:0,&quot;335559738&quot;:0,&quot;335559739&quot;:160,&quot;335559740&quot;:259}\">\u00a0<\/span><\/p>\n<p><span data-contrast=\"auto\">El departamento permaneci\u00f3 sin electricidad durante la noche del martes, durante la jornada de este mi\u00e9rcoles hubo repetidos cortes de electricidad e incluso hay zonas en las que no hay agua ya que las bombas no pueden funcionar en condiciones. Tan complicada es la situaci\u00f3n que se vive en el sur provincial que el intendente Juan Manuel Ojeda decidi\u00f3 dar asueto administrativo, no hay clases desde el d\u00eda martes y el comercio trabaja en un horario reducido. <\/span><span data-ccp-props=\"{&quot;134233117&quot;:false,&quot;134233118&quot;:false,&quot;201341983&quot;:0,&quot;335551550&quot;:1,&quot;335551620&quot;:1,&quot;335559685&quot;:0,&quot;335559737&quot;:0,&quot;335559738&quot;:0,&quot;335559739&quot;:160,&quot;335559740&quot;:259}\">\u00a0<\/span><\/p>\n<p><span data-contrast=\"auto\"><em><strong>\u201cEl pron\u00f3stico meteorol\u00f3gico anticipa la posibilidad de bajas temperaturas para las pr\u00f3ximas horas\u201d,<\/strong><\/em> se\u00f1al\u00f3 Araujo; esto llevar\u00e1 a que la nieve se transforme en hielo. <\/span><span data-ccp-props=\"{&quot;134233117&quot;:false,&quot;134233118&quot;:false,&quot;201341983&quot;:0,&quot;335551550&quot;:1,&quot;335551620&quot;:1,&quot;335559685&quot;:0,&quot;335559737&quot;:0,&quot;335559738&quot;:0,&quot;335559739&quot;:160,&quot;335559740&quot;:259}\">\u00a0<\/span><\/p>\n<p><span data-contrast=\"auto\">Otro factor que complica a\u00fan m\u00e1s la situaci\u00f3n es la imprudencia por parte de los ciudadanos.<strong><em> \u201cHay personas que circulan a una velocidad que no se justifica, la polic\u00eda estaba trabajando para evitar accidentes, pero personas decid\u00edan sobrepasar los veh\u00edculos empeorando la situaci\u00f3n\u201d<\/em><\/strong>, relat\u00f3 el periodista y subray\u00f3 que <em><strong>\u201cse trata de personas que viven en Malarg\u00fce no de turistas\u201d. <\/strong><\/em><\/span><em><strong>\u00a0<\/strong><\/em><\/p>\n<p><span data-contrast=\"auto\">Por \u00faltimo, Eduardo Araujo inform\u00f3 que el Municipio debi\u00f3 realizar m\u00e1s de 100 intervenciones con el objetivo de resguardar a los ciudadanos. <\/span><span data-ccp-props=\"{&quot;134233117&quot;:false,&quot;134233118&quot;:false,&quot;201341983&quot;:0,&quot;335551550&quot;:1,&quot;335551620&quot;:1,&quot;335559685&quot;:0,&quot;335559737&quot;:0,&quot;335559738&quot;:0,&quot;335559739&quot;:160,&quot;335559740&quot;:259}\">\u00a0<\/span><\/p>\n<h2>POSTALES DEL TEMPORAL<\/h2>\n<p><a href=\"https:\/\/vinasfm.com\/noticias\/wp-content\/uploads\/2023\/08\/369803283_2514850682021063_4200902299586742984_n.jpg\"><img loading=\"lazy\" decoding=\"async\" class=\"alignnone size-medium wp-image-125987\" src=\"https:\/\/vinasfm.com\/noticias\/wp-content\/uploads\/2023\/08\/369803283_2514850682021063_4200902299586742984_n-300x225.jpg\" alt=\"\" width=\"300\" height=\"225\" srcset=\"https:\/\/vinasfm.com\/noticias\/wp-content\/uploads\/2023\/08\/369803283_2514850682021063_4200902299586742984_n-300x225.jpg 300w, https:\/\/vinasfm.com\/noticias\/wp-content\/uploads\/2023\/08\/369803283_2514850682021063_4200902299586742984_n-768x576.jpg 768w, https:\/\/vinasfm.com\/noticias\/wp-content\/uploads\/2023\/08\/369803283_2514850682021063_4200902299586742984_n.jpg 960w\" sizes=\"auto, (max-width: 300px) 100vw, 300px\" \/><\/a> <a href=\"https:\/\/vinasfm.com\/noticias\/wp-content\/uploads\/2023\/08\/369801740_2514850808687717_658486570935723389_n.jpg\"><img loading=\"lazy\" decoding=\"async\" class=\"alignnone size-medium wp-image-125988\" src=\"https:\/\/vinasfm.com\/noticias\/wp-content\/uploads\/2023\/08\/369801740_2514850808687717_658486570935723389_n-300x225.jpg\" alt=\"\" width=\"300\" height=\"225\" srcset=\"https:\/\/vinasfm.com\/noticias\/wp-content\/uploads\/2023\/08\/369801740_2514850808687717_658486570935723389_n-300x225.jpg 300w, https:\/\/vinasfm.com\/noticias\/wp-content\/uploads\/2023\/08\/369801740_2514850808687717_658486570935723389_n-768x576.jpg 768w, https:\/\/vinasfm.com\/noticias\/wp-content\/uploads\/2023\/08\/369801740_2514850808687717_658486570935723389_n.jpg 960w\" sizes=\"auto, (max-width: 300px) 100vw, 300px\" \/><\/a><\/p>\n<p>Cerro \u00abEl Nevado\u00bb desde Punta del Agua<\/p>\n<p><a href=\"https:\/\/vinasfm.com\/noticias\/wp-content\/uploads\/2023\/08\/09be1606-bd6a-4729-aadc-470bea7359c3.jpeg\"><img loading=\"lazy\" decoding=\"async\" class=\"alignnone wp-image-126017\" src=\"https:\/\/vinasfm.com\/noticias\/wp-content\/uploads\/2023\/08\/09be1606-bd6a-4729-aadc-470bea7359c3-635x1024.jpeg\" alt=\"\" width=\"300\" height=\"484\" srcset=\"https:\/\/vinasfm.com\/noticias\/wp-content\/uploads\/2023\/08\/09be1606-bd6a-4729-aadc-470bea7359c3-635x1024.jpeg 635w, https:\/\/vinasfm.com\/noticias\/wp-content\/uploads\/2023\/08\/09be1606-bd6a-4729-aadc-470bea7359c3-186x300.jpeg 186w, https:\/\/vinasfm.com\/noticias\/wp-content\/uploads\/2023\/08\/09be1606-bd6a-4729-aadc-470bea7359c3.jpeg 720w\" sizes=\"auto, (max-width: 300px) 100vw, 300px\" \/><\/a><\/p>\n<p>Zona de Agua Botada<\/p>\n<p><a href=\"https:\/\/vinasfm.com\/noticias\/wp-content\/uploads\/2023\/08\/F4PJCePXoAIb4uw.jpeg\"><img loading=\"lazy\" decoding=\"async\" class=\"alignnone size-medium wp-image-126018\" src=\"https:\/\/vinasfm.com\/noticias\/wp-content\/uploads\/2023\/08\/F4PJCePXoAIb4uw-300x225.jpeg\" alt=\"\" width=\"300\" height=\"225\" srcset=\"https:\/\/vinasfm.com\/noticias\/wp-content\/uploads\/2023\/08\/F4PJCePXoAIb4uw-300x225.jpeg 300w, https:\/\/vinasfm.com\/noticias\/wp-content\/uploads\/2023\/08\/F4PJCePXoAIb4uw-1024x768.jpeg 1024w, https:\/\/vinasfm.com\/noticias\/wp-content\/uploads\/2023\/08\/F4PJCePXoAIb4uw-768x576.jpeg 768w, https:\/\/vinasfm.com\/noticias\/wp-content\/uploads\/2023\/08\/F4PJCePXoAIb4uw-1536x1152.jpeg 1536w, https:\/\/vinasfm.com\/noticias\/wp-content\/uploads\/2023\/08\/F4PJCePXoAIb4uw.jpeg 2048w\" sizes=\"auto, (max-width: 300px) 100vw, 300px\" \/> <img loading=\"lazy\" decoding=\"async\" class=\"\" src=\"https:\/\/pbs.twimg.com\/media\/F4PJDenWYAAmYoD?format=jpg&amp;name=360x360\" alt=\"Imagen\" width=\"236\" height=\"224\" \/><\/a><\/p>\n<p>Ciudad de Malarg\u00fce<\/p>\n","protected":false},"excerpt":{"rendered":"<p>El pron\u00f3stico se cumpli\u00f3 y parte del territorio mendocino se pint\u00f3 de blanco. \u00a0 Desde FM VI\u00d1AS tomamos contacto con Marcelo &#8230;<\/p>\n","protected":false},"author":7,"featured_media":126018,"comment_status":"open","ping_status":"open","sticky":false,"template":"","format":"standard","meta":{"footnotes":""},"categories":[5,17],"tags":[],"class_list":["post-126016","post","type-post","status-publish","format-standard","has-post-thumbnail","hentry","category-actualidad","category-clima"],"_links":{"self":[{"href":"https:\/\/vinasfm.com\/noticias\/wp-json\/wp\/v2\/posts\/126016","targetHints":{"allow":["GET"]}}],"collection":[{"href":"https:\/\/vinasfm.com\/noticias\/wp-json\/wp\/v2\/posts"}],"about":[{"href":"https:\/\/vinasfm.com\/noticias\/wp-json\/wp\/v2\/types\/post"}],"author":[{"embeddable":true,"href":"https:\/\/vinasfm.com\/noticias\/wp-json\/wp\/v2\/users\/7"}],"replies":[{"embeddable":true,"href":"https:\/\/vinasfm.com\/noticias\/wp-json\/wp\/v2\/comments?post=126016"}],"version-history":[{"count":2,"href":"https:\/\/vinasfm.com\/noticias\/wp-json\/wp\/v2\/posts\/126016\/revisions"}],"predecessor-version":[{"id":126028,"href":"https:\/\/vinasfm.com\/noticias\/wp-json\/wp\/v2\/posts\/126016\/revisions\/126028"}],"wp:featuredmedia":[{"embeddable":true,"href":"https:\/\/vinasfm.com\/noticias\/wp-json\/wp\/v2\/media\/126018"}],"wp:attachment":[{"href":"https:\/\/vinasfm.com\/noticias\/wp-json\/wp\/v2\/media?parent=126016"}],"wp:term":[{"taxonomy":"category","embeddable":true,"href":"https:\/\/vinasfm.com\/noticias\/wp-json\/wp\/v2\/categories?post=126016"},{"taxonomy":"post_tag","embeddable":true,"href":"https:\/\/vinasfm.com\/noticias\/wp-json\/wp\/v2\/tags?post=126016"}],"curies":[{"name":"wp","href":"https:\/\/api.w.org\/{rel}","templated":true}]}}