{"id":126003,"date":"2023-08-23T17:44:01","date_gmt":"2023-08-23T20:44:01","guid":{"rendered":"https:\/\/vinasfm.com\/noticias\/?p=126003"},"modified":"2023-08-24T21:18:20","modified_gmt":"2023-08-25T00:18:20","slug":"reporte-estado-de-las-rutas","status":"publish","type":"post","link":"https:\/\/vinasfm.com\/noticias\/reporte-estado-de-las-rutas\/","title":{"rendered":"ESTADO DE LAS RUTAS SEG\u00daN EL REPORTE DE LA DIRECCI\u00d3N NACIONAL DE VIALIDAD"},"content":{"rendered":"<p><strong>Se recuerda a los usuarios que durante la temporada invernal deben circular por el Corredor Andino con portaci\u00f3n obligatoria de cadenas en sus veh\u00edculos, para ser utilizadas en caso de ser requeridas.<\/strong><\/p>\n<p>Se recomienda, durante los d\u00edas de viento y lluvia, reducir la velocidad y transitar con extrema precauci\u00f3n en zonas de derrumbes. En caso de crecidas, evitar cruzar sectores que pudieran quedar anegados con flujos aluvionales.<\/p>\n<p>Asimismo, se deja constancia de que la habilitaci\u00f3n para la circulaci\u00f3n vehicular, tanto para el tr\u00e1nsito interno entre localidades como para el Paso Internacional, es dictaminada por los coordinadores generales de cada pa\u00eds. Informes: Gendarmer\u00eda Nacional. Escuadr\u00f3n 27, Uspallata.<\/p>\n<p><a href=\"https:\/\/vinasfm.com\/noticias\/wp-content\/uploads\/2023\/08\/ruta-1.png\"><img loading=\"lazy\" decoding=\"async\" class=\"alignnone wp-image-126005 size-full\" src=\"https:\/\/vinasfm.com\/noticias\/wp-content\/uploads\/2023\/08\/ruta-1.png\" alt=\"\" width=\"615\" height=\"521\" srcset=\"https:\/\/vinasfm.com\/noticias\/wp-content\/uploads\/2023\/08\/ruta-1.png 615w, https:\/\/vinasfm.com\/noticias\/wp-content\/uploads\/2023\/08\/ruta-1-300x254.png 300w\" sizes=\"auto, (max-width: 615px) 100vw, 615px\" \/><\/a><\/p>\n<p>&nbsp;<\/p>\n<p>&nbsp;<\/p>\n<p><a href=\"https:\/\/vinasfm.com\/noticias\/wp-content\/uploads\/2023\/08\/ruta-2.png\"><img loading=\"lazy\" decoding=\"async\" class=\"alignnone wp-image-126004 size-full\" src=\"https:\/\/vinasfm.com\/noticias\/wp-content\/uploads\/2023\/08\/ruta-2.png\" alt=\"\" width=\"617\" height=\"507\" srcset=\"https:\/\/vinasfm.com\/noticias\/wp-content\/uploads\/2023\/08\/ruta-2.png 617w, https:\/\/vinasfm.com\/noticias\/wp-content\/uploads\/2023\/08\/ruta-2-300x247.png 300w\" sizes=\"auto, (max-width: 617px) 100vw, 617px\" \/><\/a><\/p>\n<p>&nbsp;<\/p>\n","protected":false},"excerpt":{"rendered":"<p>Se recuerda a los usuarios que durante la temporada invernal deben circular por el Corredor Andino con portaci\u00f3n obligatoria de cadenas &#8230;<\/p>\n","protected":false},"author":7,"featured_media":126006,"comment_status":"open","ping_status":"open","sticky":false,"template":"","format":"standard","meta":{"footnotes":""},"categories":[5,79],"tags":[],"class_list":["post-126003","post","type-post","status-publish","format-standard","has-post-thumbnail","hentry","category-actualidad","category-vialidad"],"_links":{"self":[{"href":"https:\/\/vinasfm.com\/noticias\/wp-json\/wp\/v2\/posts\/126003","targetHints":{"allow":["GET"]}}],"collection":[{"href":"https:\/\/vinasfm.com\/noticias\/wp-json\/wp\/v2\/posts"}],"about":[{"href":"https:\/\/vinasfm.com\/noticias\/wp-json\/wp\/v2\/types\/post"}],"author":[{"embeddable":true,"href":"https:\/\/vinasfm.com\/noticias\/wp-json\/wp\/v2\/users\/7"}],"replies":[{"embeddable":true,"href":"https:\/\/vinasfm.com\/noticias\/wp-json\/wp\/v2\/comments?post=126003"}],"version-history":[{"count":3,"href":"https:\/\/vinasfm.com\/noticias\/wp-json\/wp\/v2\/posts\/126003\/revisions"}],"predecessor-version":[{"id":126010,"href":"https:\/\/vinasfm.com\/noticias\/wp-json\/wp\/v2\/posts\/126003\/revisions\/126010"}],"wp:featuredmedia":[{"embeddable":true,"href":"https:\/\/vinasfm.com\/noticias\/wp-json\/wp\/v2\/media\/126006"}],"wp:attachment":[{"href":"https:\/\/vinasfm.com\/noticias\/wp-json\/wp\/v2\/media?parent=126003"}],"wp:term":[{"taxonomy":"category","embeddable":true,"href":"https:\/\/vinasfm.com\/noticias\/wp-json\/wp\/v2\/categories?post=126003"},{"taxonomy":"post_tag","embeddable":true,"href":"https:\/\/vinasfm.com\/noticias\/wp-json\/wp\/v2\/tags?post=126003"}],"curies":[{"name":"wp","href":"https:\/\/api.w.org\/{rel}","templated":true}]}}