{"id":125968,"date":"2023-08-23T09:30:47","date_gmt":"2023-08-23T12:30:47","guid":{"rendered":"https:\/\/vinasfm.com\/noticias\/?p=125968"},"modified":"2023-08-24T08:47:09","modified_gmt":"2023-08-24T11:47:09","slug":"marcolini-invito-a-ser-parte-del-xviii-congreso-de-educacion","status":"publish","type":"post","link":"https:\/\/vinasfm.com\/noticias\/marcolini-invito-a-ser-parte-del-xviii-congreso-de-educacion\/","title":{"rendered":"MARCOLINI INVIT\u00d3 A SER PARTE DEL \u201cXVIII CONGRESO DE EDUCACI\u00d3N\u201d"},"content":{"rendered":"<p><em><strong>Con una gran convocatoria, el Congreso que se guiar\u00e1 bajo la consiga \u201cAprender para transformar\u201d tendr\u00e1 lugar los d\u00edas 25 y 26 del corriente mes.<\/strong><\/em><\/p>\n<p>Con el paso de los a\u00f1os este Congreso se ha convertido en una pol\u00edtica de Estado, que da lugar al debate en la educaci\u00f3n<em>. <strong>\u201cEs una actividad que enriquece, es informativa y formativa destinada principalmente a los docentes\u201d<\/strong><strong>,<\/strong><\/em> expres\u00f3 el Sr. Intendente Walther Marcolini.<\/p>\n<p>Esta edici\u00f3n contar\u00e1 con importantes disertantes y equipos con el objetivo de ser<em><strong> \u201cun Congreso rico, que trasmita conocimientos pero que tambi\u00e9n deje muchos interrogantes\u201d. <\/strong><\/em>Adem\u00e1s, Marcolini adelant\u00f3 que<strong> \u201cse habilitar\u00e1 el cine para participar de la disertaci\u00f3n de Facundo Manes y Mateo Salvatto, que tambi\u00e9n se emitir\u00e1n v\u00eda streaming\u201d.<\/strong><\/p>\n<p>De entre las tem\u00e1ticas a tratar destaca la influencia de la tecnolog\u00eda en la educaci\u00f3n y la Inteligencia Artificial como herramienta de ense\u00f1anza y aprendizaje.<\/p>\n<p>Cabe aclarar, para los docentes que desean participar, que <strong>no habr\u00e1 liberaci\u00f3n de actividades y deber\u00e1n guiarse por el Art. 50\/8, que cubre capacitaciones menores a 15 d\u00edas.<\/strong><\/p>\n<p><a href=\"https:\/\/vinasfm.com\/noticias\/wp-content\/uploads\/2023\/08\/40be598c-cbcd-47f1-9e3a-711de079d91d.jpg\"><img loading=\"lazy\" decoding=\"async\" class=\"alignnone wp-image-125151\" src=\"https:\/\/vinasfm.com\/noticias\/wp-content\/uploads\/2023\/08\/40be598c-cbcd-47f1-9e3a-711de079d91d-216x300.jpg\" alt=\"\" width=\"500\" height=\"695\" srcset=\"https:\/\/vinasfm.com\/noticias\/wp-content\/uploads\/2023\/08\/40be598c-cbcd-47f1-9e3a-711de079d91d-216x300.jpg 216w, https:\/\/vinasfm.com\/noticias\/wp-content\/uploads\/2023\/08\/40be598c-cbcd-47f1-9e3a-711de079d91d-736x1024.jpg 736w, https:\/\/vinasfm.com\/noticias\/wp-content\/uploads\/2023\/08\/40be598c-cbcd-47f1-9e3a-711de079d91d-768x1068.jpg 768w, https:\/\/vinasfm.com\/noticias\/wp-content\/uploads\/2023\/08\/40be598c-cbcd-47f1-9e3a-711de079d91d.jpg 991w\" sizes=\"auto, (max-width: 500px) 100vw, 500px\" \/><\/a><\/p>\n<h2><em><strong>Cronograma <\/strong><\/em><\/h2>\n<h3>Viernes 25 de agosto<\/h3>\n<ul>\n<li>7:30 a 8:30 hs. &gt; Asistencia y Acreditaci\u00f3n<\/li>\n<li>8:30 a 10:00 hs. &gt; Acto oficial- Palabras de bienvenida<\/li>\n<li>10:00 a 11:00 hs. &gt; 1\u00b0 conferencia- Facundo Manes<\/li>\n<li>11:00 a 12:00 hs. &gt; 2\u00b0 conferencia \u2013 Juan Manuel Zamora<\/li>\n<li>12:00 a 13:00 hs. &gt; 3\u00b0 conferencia \u2013 Ignacio Ib\u00e1rzabal<\/li>\n<li>13:00 a 15:00 hs. &gt; Almuerzo<\/li>\n<li>15:00 a 16:00 hs. &gt; 4\u00b0 conferencia \u2013 Manuel \u00c1lvarez Trong\u00e9<\/li>\n<li>16:00 a 17:00 hs. &gt; 5\u00b0 conferencia \u2013 Laura Lewin<\/li>\n<li>17:00 a 18:00 hs. &gt; 5\u00b0 conferencia \u2013 Laura Lewin<\/li>\n<li>18:00 a 19:00hs. &gt; Break- Sorteo de premios<\/li>\n<li>19:00 hs. &gt; Finalizaci\u00f3n<\/li>\n<\/ul>\n<h3>S\u00e1bado 26 de agosto<\/h3>\n<ul>\n<li>8:30 a 9:30 hs. &gt; Asistencia y Acreditaci\u00f3n-<\/li>\n<li>10:00 a 11:00 hs. &gt; 1\u00b0 conferencia \u2013Anal\u00eda Forti<\/li>\n<li>11:00 a 12:00 hs. &gt; 2\u00b0 conferencia \u2013 Dami\u00e1n Ortiz<\/li>\n<li>12:00 a 13:00 hs. &gt; 3\u00b0 conferencia \u2013 Irene Juzsa \u2013 Lucia Vera<\/li>\n<li>13:00 a 15:00 hs. &gt; Almuerzo<\/li>\n<li>15:00 a 16:00 hs. &gt; 4\u00b0 conferencia- M\u00f3nica Coronado.<\/li>\n<li>16:00 a 17:00 hs. &gt; 5\u00b0 conferencia \u2013 Silvina del P\u00f3polo<\/li>\n<li>17:00 a 18:00 hs. &gt; 6\u00b0 conferencia \u2013 Mateo Salvatto<\/li>\n<li>18:00 a 19:00 hs. &gt; Break- Sorteo de premios.<\/li>\n<li>19:00 hs. &gt; Finalizaci\u00f3n<\/li>\n<\/ul>\n","protected":false},"excerpt":{"rendered":"<p>Con una gran convocatoria, el Congreso que se guiar\u00e1 bajo la consiga \u201cAprender para transformar\u201d tendr\u00e1 lugar los d\u00edas 25 y &#8230;<\/p>\n","protected":false},"author":7,"featured_media":125148,"comment_status":"open","ping_status":"open","sticky":false,"template":"","format":"standard","meta":{"footnotes":""},"categories":[5,18],"tags":[],"class_list":["post-125968","post","type-post","status-publish","format-standard","has-post-thumbnail","hentry","category-actualidad","category-educacion"],"_links":{"self":[{"href":"https:\/\/vinasfm.com\/noticias\/wp-json\/wp\/v2\/posts\/125968","targetHints":{"allow":["GET"]}}],"collection":[{"href":"https:\/\/vinasfm.com\/noticias\/wp-json\/wp\/v2\/posts"}],"about":[{"href":"https:\/\/vinasfm.com\/noticias\/wp-json\/wp\/v2\/types\/post"}],"author":[{"embeddable":true,"href":"https:\/\/vinasfm.com\/noticias\/wp-json\/wp\/v2\/users\/7"}],"replies":[{"embeddable":true,"href":"https:\/\/vinasfm.com\/noticias\/wp-json\/wp\/v2\/comments?post=125968"}],"version-history":[{"count":2,"href":"https:\/\/vinasfm.com\/noticias\/wp-json\/wp\/v2\/posts\/125968\/revisions"}],"predecessor-version":[{"id":126020,"href":"https:\/\/vinasfm.com\/noticias\/wp-json\/wp\/v2\/posts\/125968\/revisions\/126020"}],"wp:featuredmedia":[{"embeddable":true,"href":"https:\/\/vinasfm.com\/noticias\/wp-json\/wp\/v2\/media\/125148"}],"wp:attachment":[{"href":"https:\/\/vinasfm.com\/noticias\/wp-json\/wp\/v2\/media?parent=125968"}],"wp:term":[{"taxonomy":"category","embeddable":true,"href":"https:\/\/vinasfm.com\/noticias\/wp-json\/wp\/v2\/categories?post=125968"},{"taxonomy":"post_tag","embeddable":true,"href":"https:\/\/vinasfm.com\/noticias\/wp-json\/wp\/v2\/tags?post=125968"}],"curies":[{"name":"wp","href":"https:\/\/api.w.org\/{rel}","templated":true}]}}