{"id":125958,"date":"2023-08-23T08:43:58","date_gmt":"2023-08-23T11:43:58","guid":{"rendered":"https:\/\/vinasfm.com\/noticias\/?p=125958"},"modified":"2023-08-23T08:49:40","modified_gmt":"2023-08-23T11:49:40","slug":"uccelli-dio-un-adelanto-de-la-proxima-sesion-ordinaria-en-el-hcd","status":"publish","type":"post","link":"https:\/\/vinasfm.com\/noticias\/uccelli-dio-un-adelanto-de-la-proxima-sesion-ordinaria-en-el-hcd\/","title":{"rendered":"UCCELLI DIO UN ADELANTO DE LA PR\u00d3XIMA SESI\u00d3N ORDINARIA EN EL HCD"},"content":{"rendered":"<p><strong>Este jueves tendr\u00e1 lugar una nueva Sesi\u00f3n Ordinaria y se ultiman expedientes a tratar. <\/strong><\/p>\n<p>La Presidente del HCD, Mabel Uccelli, adelant\u00f3 que <strong><em>\u201chay temas que van a generar debate e ir\u00e1n a comisi\u00f3n\u201d.<\/em><\/strong><\/p>\n<p>Adem\u00e1s, detall\u00f3 que<strong><em> \u201csaldr\u00e1 aprobada la adhesi\u00f3n a la \u2018Ley Provincial de Debate Electoral\u2019 que ya est\u00e1 establecida en la provincia\u201d.<\/em><\/strong> Sobre ello detall\u00f3 que se <strong><em>\u201cest\u00e1 trabajando en la elaboraci\u00f3n de la tem\u00e1tica para poder citar a los candidatos, asesores o representantes pol\u00edticos, para que la ciudadan\u00eda pueda conocerlos\u201d<\/em><\/strong>. Desde la adhesi\u00f3n ser\u00e1 obligatoria de la realizaci\u00f3n de estos debates.<\/p>\n<p>Por \u00faltimo, se refiri\u00f3 a la seguridad en el departamento y los actos delicitvos cometidos en Bowen. <strong>\u201cConvocamos al Comisario Iv\u00e1n Berm\u00fadez para mantenernos al tanto de las medidas que se estaban llevando a cabo. Como Instituci\u00f3n seguiremos trabajando por la concientizaci\u00f3n y prevenci\u00f3n para evitar estos hechos\u201d.<\/strong><\/p>\n","protected":false},"excerpt":{"rendered":"<p>Este jueves tendr\u00e1 lugar una nueva Sesi\u00f3n Ordinaria y se ultiman expedientes a tratar. La Presidente del HCD, Mabel Uccelli, adelant\u00f3 &#8230;<\/p>\n","protected":false},"author":7,"featured_media":125963,"comment_status":"open","ping_status":"open","sticky":false,"template":"","format":"standard","meta":{"footnotes":""},"categories":[1],"tags":[],"class_list":["post-125958","post","type-post","status-publish","format-standard","has-post-thumbnail","hentry","category-fmvinas"],"_links":{"self":[{"href":"https:\/\/vinasfm.com\/noticias\/wp-json\/wp\/v2\/posts\/125958","targetHints":{"allow":["GET"]}}],"collection":[{"href":"https:\/\/vinasfm.com\/noticias\/wp-json\/wp\/v2\/posts"}],"about":[{"href":"https:\/\/vinasfm.com\/noticias\/wp-json\/wp\/v2\/types\/post"}],"author":[{"embeddable":true,"href":"https:\/\/vinasfm.com\/noticias\/wp-json\/wp\/v2\/users\/7"}],"replies":[{"embeddable":true,"href":"https:\/\/vinasfm.com\/noticias\/wp-json\/wp\/v2\/comments?post=125958"}],"version-history":[{"count":2,"href":"https:\/\/vinasfm.com\/noticias\/wp-json\/wp\/v2\/posts\/125958\/revisions"}],"predecessor-version":[{"id":125961,"href":"https:\/\/vinasfm.com\/noticias\/wp-json\/wp\/v2\/posts\/125958\/revisions\/125961"}],"wp:featuredmedia":[{"embeddable":true,"href":"https:\/\/vinasfm.com\/noticias\/wp-json\/wp\/v2\/media\/125963"}],"wp:attachment":[{"href":"https:\/\/vinasfm.com\/noticias\/wp-json\/wp\/v2\/media?parent=125958"}],"wp:term":[{"taxonomy":"category","embeddable":true,"href":"https:\/\/vinasfm.com\/noticias\/wp-json\/wp\/v2\/categories?post=125958"},{"taxonomy":"post_tag","embeddable":true,"href":"https:\/\/vinasfm.com\/noticias\/wp-json\/wp\/v2\/tags?post=125958"}],"curies":[{"name":"wp","href":"https:\/\/api.w.org\/{rel}","templated":true}]}}