{"id":125947,"date":"2023-08-22T23:31:17","date_gmt":"2023-08-23T02:31:17","guid":{"rendered":"https:\/\/vinasfm.com\/noticias\/?p=125947"},"modified":"2023-08-23T09:06:02","modified_gmt":"2023-08-23T12:06:02","slug":"emergencia-habitacional-de-que-se-trata-el-proyecto-de-vivienda-que-presentaron-parisi-e-ilardo","status":"publish","type":"post","link":"https:\/\/vinasfm.com\/noticias\/emergencia-habitacional-de-que-se-trata-el-proyecto-de-vivienda-que-presentaron-parisi-e-ilardo\/","title":{"rendered":"EMERGENCIA HABITACIONAL: DE QU\u00c9 SE TRATA EL PROYECTO DE VIVIENDA QUE PRESENTARON PARISI E ILARDO"},"content":{"rendered":"<p><strong>Desde la Legislatura la dupla peronista adem\u00e1s aclar\u00f3: \u00abNo hablamos de fotos porque tenemos propuestas para solucionar los problemas de los mendocinos\u00bb.<\/strong><\/p>\n<p>El candidato a gobernador Omar Parisi adelant\u00f3: <strong><em>\u00abEstamos cumpliendo con el compromiso que asumimos cuando hicimos la presentaci\u00f3n de nuestro Plan de Vivienda, fue un trabajo en conjunto con nuestros Equipos de Gobierno y en consulta con entidades intermedias, c\u00e1maras empresarias, colegios profesionales, cooperativas y mutuales. Como todo proyecto de ley est\u00e1 abierto al debate, al di\u00e1logo\u00bb.<\/em><\/strong><\/p>\n<p>A su vez, el candidato a vicegobernador, Lucas Ilardo dijo que hay mucho por resolver en Mendoza, y plantear la Emergencia Habitacional es <em><strong>\u00abatender la demanda de 150.000 familias, se necesitan 70.000 viviendas nuevas, hay gente que necesita ampliaciones porque est\u00e1 viviendo en situaci\u00f3n de hacinamiento y hay mendocinos sin el t\u00edtulo de su casa, con lo cual no pueden recurrir a cr\u00e9ditos hipotecarios\u00bb<\/strong><\/em>, describi\u00f3.<\/p>\n<p>Luego, explicaron las herramientas que ser\u00e1n de utilidad para resolver esta situaci\u00f3n.\u00a0Una de ellas ser\u00e1 crear un <em><strong>\u00abConsejo de Emergencia Habitacional donde van a estar todos los organismos involucrados del Estado provincial y donde van a ser convocados los municipios para destrabar aquellos tr\u00e1mites que hoy generan burocracia\u00bb<\/strong><\/em>, detall\u00f3 Ilardo.<\/p>\n<p>A su vez, el candidato a vice explic\u00f3 que funcionar\u00e1 como una ventanilla \u00fanica para que todas las tramitaciones vinculadas con construcci\u00f3n de vivienda y desarrollo inmobiliario se puedan hacer bajo un mismo sistema.<\/p>\n<p>La dupla coment\u00f3 que, en di\u00e1logo con distintos organismos y colegios de profesionales, se defini\u00f3 adem\u00e1s la iniciativa de crear un Juzgado de Regularizaci\u00f3n Dominial con alcance en todos los departamentos para que se pueda dar respuesta a los mendocinos sin t\u00edtulos de propiedad.<br \/>\nOtro gran lineamiento que presentaron es el Banco de Tierras, donde el Estado provincial, en di\u00e1logo con el Estado Nacional y convocando a los municipios, lograr\u00e1n articular lo p\u00fablico y lo privado en un mismo fideicomiso donde el que tiene tierra pueda aportar y se puede encontrar socios estrat\u00e9gicos para el desarrollo.<\/p>\n<p>Otro de los puntos desarrollados fue el sistema de etiquetado de viviendas ambiental. <em><strong>\u00abB\u00e1sicamente que las viviendas que son m\u00e1s eficientes en materia de consumo energ\u00e9tico y en materia de consumo de agua, tienen que pagar menos impuestos, tienen que haber incentivos directos para que estas legislaciones que tienden a mejorar ambientalmente la construcci\u00f3n\u00bb<\/strong><\/em>, explicaron.<\/p>\n<p>Y la \u00faltima herramienta que plantearon fue la creaci\u00f3n de un fondo de garant\u00eda habitacional que vamos a denominar FOGHA. <em><strong>\u00abVa a permitir con fondeo provincial y tambi\u00e9n con recursos del IPV, generar un fondo de garant\u00edas para atender la necesidad de todos aquellos j\u00f3venes que no est\u00e1n en condiciones de alquilar para poder acceder a su primer alquiler, o bien para aquellas personas que quieran integrarse en programas de vivienda y no tienen como garantizar su participaci\u00f3n. La idea es fondear esas garant\u00edas, que la garant\u00eda sea generada desde el mismo Estado para acompa\u00f1ar a todas esas personas que est\u00e1n afuera del circuito de cr\u00e9dito y por lo tanto, afuera de los programas de vivienda\u00bb<\/strong><\/em>, argumentaron.<\/p>\n","protected":false},"excerpt":{"rendered":"<p>Desde la Legislatura la dupla peronista adem\u00e1s aclar\u00f3: \u00abNo hablamos de fotos porque tenemos propuestas para solucionar los problemas de los &#8230;<\/p>\n","protected":false},"author":7,"featured_media":125948,"comment_status":"open","ping_status":"open","sticky":false,"template":"","format":"standard","meta":{"footnotes":""},"categories":[1],"tags":[],"class_list":["post-125947","post","type-post","status-publish","format-standard","has-post-thumbnail","hentry","category-fmvinas"],"_links":{"self":[{"href":"https:\/\/vinasfm.com\/noticias\/wp-json\/wp\/v2\/posts\/125947","targetHints":{"allow":["GET"]}}],"collection":[{"href":"https:\/\/vinasfm.com\/noticias\/wp-json\/wp\/v2\/posts"}],"about":[{"href":"https:\/\/vinasfm.com\/noticias\/wp-json\/wp\/v2\/types\/post"}],"author":[{"embeddable":true,"href":"https:\/\/vinasfm.com\/noticias\/wp-json\/wp\/v2\/users\/7"}],"replies":[{"embeddable":true,"href":"https:\/\/vinasfm.com\/noticias\/wp-json\/wp\/v2\/comments?post=125947"}],"version-history":[{"count":1,"href":"https:\/\/vinasfm.com\/noticias\/wp-json\/wp\/v2\/posts\/125947\/revisions"}],"predecessor-version":[{"id":125949,"href":"https:\/\/vinasfm.com\/noticias\/wp-json\/wp\/v2\/posts\/125947\/revisions\/125949"}],"wp:featuredmedia":[{"embeddable":true,"href":"https:\/\/vinasfm.com\/noticias\/wp-json\/wp\/v2\/media\/125948"}],"wp:attachment":[{"href":"https:\/\/vinasfm.com\/noticias\/wp-json\/wp\/v2\/media?parent=125947"}],"wp:term":[{"taxonomy":"category","embeddable":true,"href":"https:\/\/vinasfm.com\/noticias\/wp-json\/wp\/v2\/categories?post=125947"},{"taxonomy":"post_tag","embeddable":true,"href":"https:\/\/vinasfm.com\/noticias\/wp-json\/wp\/v2\/tags?post=125947"}],"curies":[{"name":"wp","href":"https:\/\/api.w.org\/{rel}","templated":true}]}}