{"id":125860,"date":"2023-08-21T20:33:40","date_gmt":"2023-08-21T23:33:40","guid":{"rendered":"https:\/\/vinasfm.com\/noticias\/?p=125860"},"modified":"2023-08-21T20:33:40","modified_gmt":"2023-08-21T23:33:40","slug":"lo-que-el-zonda-dejo","status":"publish","type":"post","link":"https:\/\/vinasfm.com\/noticias\/lo-que-el-zonda-dejo\/","title":{"rendered":"LO QUE EL ZONDA DEJ\u00d3"},"content":{"rendered":"<p><b>Tal como lo hab\u00eda indicado el Servicio Meteorol\u00f3gico Nacional, baj\u00f3 el Zonda dejando algunos da\u00f1os a su paso. <\/b><\/p>\n<p>Seg\u00fan el relevamiento otorgado por la<strong> Direcci\u00f3n Provincial de Defensa Civil<\/strong>, con datos brindados por los coordinadores municipales, <strong>hasta las 20:00 horas de este lunes se registr\u00f3. \u00a0<\/strong><\/p>\n<p><strong>San Rafael:<\/strong><\/p>\n<ul>\n<li>Incendios: 2<br \/>\nTOTAL: 2<\/li>\n<\/ul>\n<p><strong>Malarg\u00fce:<\/strong><\/p>\n<ul>\n<li>70 asistencias de viviendas por filtraciones.<br \/>\nTOTAL: 70.<\/li>\n<\/ul>\n<p><strong>Las Heras:<\/strong><\/p>\n<ul>\n<li>\u00c1rboles y ramas ca\u00eddas: 11<\/li>\n<li>Postes y\/o cables ca\u00eddos: 6<br \/>\nTOTAL: 17.<\/li>\n<\/ul>\n<p><strong>Capital:<\/strong><\/p>\n<ul>\n<li>\u00c1rboles y ramas ca\u00eddas: 6<\/li>\n<li>Postes y\/o cables ca\u00eddos: 5<br \/>\nTOTAL: 11.<\/li>\n<\/ul>\n<p><strong>Godoy Cruz:<\/strong><\/p>\n<ul>\n<li>\u00c1rboles y ramas ca\u00eddas: 9<\/li>\n<li>Postes y\/o cables ca\u00eddos: 1<\/li>\n<li>Voladura de techo: 2<br \/>\nTOTAL: 12.<\/li>\n<\/ul>\n<p><strong>Guaymall\u00e9n:<\/strong><\/p>\n<ul>\n<li>\u00c1rboles y ramas ca\u00eddas: 13<\/li>\n<li>Postes y\/o cables ca\u00eddos: 10<\/li>\n<li>Voladura de techo: 8<br \/>\nTOTAL: 31.<\/li>\n<\/ul>\n<p><strong>Lavalle:<\/strong><\/p>\n<ul>\n<li>\u00c1rboles y ramas ca\u00eddas: 2<\/li>\n<li>Postes y\/o cables ca\u00eddos: 5<\/li>\n<li>Voladura de techo:<\/li>\n<li>Transformador en corto: 1<\/li>\n<li>Incendio: 1<br \/>\nTOTAL: 9.<\/li>\n<\/ul>\n<p><strong>Maip\u00fa:<\/strong><\/p>\n<ul>\n<li>\u00c1rboles y ramas ca\u00eddas: 2<\/li>\n<li>Postes y\/o cables ca\u00eddos:<\/li>\n<li>Voladura de techo: 1<br \/>\nTOTAL: 3.<\/li>\n<\/ul>\n<p><strong>Luj\u00e1n:<\/strong><\/p>\n<ul>\n<li>\u00c1rboles y ramas ca\u00eddas: 1<\/li>\n<li>Postes y\/o cables ca\u00eddos:<\/li>\n<li>Voladura de techo:<br \/>\nTOTAL: 1<\/li>\n<\/ul>\n<p>Total de novedades ingresadas: 156<\/p>\n","protected":false},"excerpt":{"rendered":"<p>Tal como lo hab\u00eda indicado el Servicio Meteorol\u00f3gico Nacional, baj\u00f3 el Zonda dejando algunos da\u00f1os a su paso. Seg\u00fan el relevamiento &#8230;<\/p>\n","protected":false},"author":7,"featured_media":125861,"comment_status":"open","ping_status":"open","sticky":false,"template":"","format":"standard","meta":{"footnotes":""},"categories":[1],"tags":[],"class_list":["post-125860","post","type-post","status-publish","format-standard","has-post-thumbnail","hentry","category-fmvinas"],"_links":{"self":[{"href":"https:\/\/vinasfm.com\/noticias\/wp-json\/wp\/v2\/posts\/125860","targetHints":{"allow":["GET"]}}],"collection":[{"href":"https:\/\/vinasfm.com\/noticias\/wp-json\/wp\/v2\/posts"}],"about":[{"href":"https:\/\/vinasfm.com\/noticias\/wp-json\/wp\/v2\/types\/post"}],"author":[{"embeddable":true,"href":"https:\/\/vinasfm.com\/noticias\/wp-json\/wp\/v2\/users\/7"}],"replies":[{"embeddable":true,"href":"https:\/\/vinasfm.com\/noticias\/wp-json\/wp\/v2\/comments?post=125860"}],"version-history":[{"count":1,"href":"https:\/\/vinasfm.com\/noticias\/wp-json\/wp\/v2\/posts\/125860\/revisions"}],"predecessor-version":[{"id":125862,"href":"https:\/\/vinasfm.com\/noticias\/wp-json\/wp\/v2\/posts\/125860\/revisions\/125862"}],"wp:featuredmedia":[{"embeddable":true,"href":"https:\/\/vinasfm.com\/noticias\/wp-json\/wp\/v2\/media\/125861"}],"wp:attachment":[{"href":"https:\/\/vinasfm.com\/noticias\/wp-json\/wp\/v2\/media?parent=125860"}],"wp:term":[{"taxonomy":"category","embeddable":true,"href":"https:\/\/vinasfm.com\/noticias\/wp-json\/wp\/v2\/categories?post=125860"},{"taxonomy":"post_tag","embeddable":true,"href":"https:\/\/vinasfm.com\/noticias\/wp-json\/wp\/v2\/tags?post=125860"}],"curies":[{"name":"wp","href":"https:\/\/api.w.org\/{rel}","templated":true}]}}