{"id":125835,"date":"2023-08-21T10:45:17","date_gmt":"2023-08-21T13:45:17","guid":{"rendered":"https:\/\/vinasfm.com\/noticias\/?p=125835"},"modified":"2023-08-22T08:32:41","modified_gmt":"2023-08-22T11:32:41","slug":"como-se-vive-la-temporada-invernal-en-malargue","status":"publish","type":"post","link":"https:\/\/vinasfm.com\/noticias\/como-se-vive-la-temporada-invernal-en-malargue\/","title":{"rendered":"C\u00d3MO SE VIVE LA TEMPORADA INVERNAL EN MALARG\u00dcE"},"content":{"rendered":"<p><strong>Tras una larga espera por la escasez de nieve, finalmente en julio pudo iniciar la temporada invernal en el departamento sure\u00f1o. <\/strong><\/p>\n<p>Marcelo Rivarola, Director de Turismo de Malarg\u00fce, se\u00f1al\u00f3 que <strong><em>\u201cllegan turistas de distintas partes del pa\u00eds y eso ha incrementado tambi\u00e9n el turismo en las ciudades vecinas\u201d.<\/em><\/strong> Malarg\u00fce cuenta con m\u00e1s de 20 atractivos tur\u00edsticos, <strong><em>\u201clos turistas pueden disfrutar de ellos durante todo el a\u00f1o y a su vez visitar distintos rincones del departamento\u201d,<\/em><\/strong> destac\u00f3 Rivarola.<\/p>\n<p>Sin bien la grana comulaci\u00f3n de nieve es ideal para los deportes invernales y los atractivos malarg\u00fcinos, representa un peligro al momento de viajar y es por ese motivo que <strong><em>\u201ces obligatoria la potaci\u00f3n y colocaci\u00f3n de cadenas\u201d.<\/em><\/strong><\/p>\n<p>En Malarg\u00fce rige una alerta amarilla por nevadas que afectar\u00e1n todo el departamento. \u00abEl \u00e1rea ser\u00e1 afectada por nevadas persistentes. La nieve acumulada puede alcanzar una altura de entre 20 y 40 cm, pudiendo ser superados localmente. No se descarta la probabilidad de lluvia y nieve mezclada en las zonas m\u00e1s bajas\u00bb, destac\u00f3 el\u00a0<strong>SMN<\/strong>.<\/p>\n<h2>Parte de Vialidad Provincial sub zona Malarg\u00fce<\/h2>\n<ul>\n<li>Ruta provincial 222 transitable con suma precauci\u00f3n. Visibilidad reducida por precipitaciones. Probabilidad de rodaduras de piedras en algunos sectores. Portaci\u00f3n obligatoria de cadenas y uso en algunos sectores. <strong>Debido al temporal se recomienda no viajar.<\/strong><\/li>\n<\/ul>\n","protected":false},"excerpt":{"rendered":"<p>Tras una larga espera por la escasez de nieve, finalmente en julio pudo iniciar la temporada invernal en el departamento sure\u00f1o. &#8230;<\/p>\n","protected":false},"author":7,"featured_media":125836,"comment_status":"open","ping_status":"open","sticky":false,"template":"","format":"standard","meta":{"footnotes":""},"categories":[1],"tags":[],"class_list":["post-125835","post","type-post","status-publish","format-standard","has-post-thumbnail","hentry","category-fmvinas"],"_links":{"self":[{"href":"https:\/\/vinasfm.com\/noticias\/wp-json\/wp\/v2\/posts\/125835","targetHints":{"allow":["GET"]}}],"collection":[{"href":"https:\/\/vinasfm.com\/noticias\/wp-json\/wp\/v2\/posts"}],"about":[{"href":"https:\/\/vinasfm.com\/noticias\/wp-json\/wp\/v2\/types\/post"}],"author":[{"embeddable":true,"href":"https:\/\/vinasfm.com\/noticias\/wp-json\/wp\/v2\/users\/7"}],"replies":[{"embeddable":true,"href":"https:\/\/vinasfm.com\/noticias\/wp-json\/wp\/v2\/comments?post=125835"}],"version-history":[{"count":4,"href":"https:\/\/vinasfm.com\/noticias\/wp-json\/wp\/v2\/posts\/125835\/revisions"}],"predecessor-version":[{"id":125894,"href":"https:\/\/vinasfm.com\/noticias\/wp-json\/wp\/v2\/posts\/125835\/revisions\/125894"}],"wp:featuredmedia":[{"embeddable":true,"href":"https:\/\/vinasfm.com\/noticias\/wp-json\/wp\/v2\/media\/125836"}],"wp:attachment":[{"href":"https:\/\/vinasfm.com\/noticias\/wp-json\/wp\/v2\/media?parent=125835"}],"wp:term":[{"taxonomy":"category","embeddable":true,"href":"https:\/\/vinasfm.com\/noticias\/wp-json\/wp\/v2\/categories?post=125835"},{"taxonomy":"post_tag","embeddable":true,"href":"https:\/\/vinasfm.com\/noticias\/wp-json\/wp\/v2\/tags?post=125835"}],"curies":[{"name":"wp","href":"https:\/\/api.w.org\/{rel}","templated":true}]}}