{"id":125825,"date":"2023-08-21T10:00:06","date_gmt":"2023-08-21T13:00:06","guid":{"rendered":"https:\/\/vinasfm.com\/noticias\/?p=125825"},"modified":"2023-08-21T10:01:10","modified_gmt":"2023-08-21T13:01:10","slug":"alerta-roja-por-viento-zonda-que-zonas-afectara","status":"publish","type":"post","link":"https:\/\/vinasfm.com\/noticias\/alerta-roja-por-viento-zonda-que-zonas-afectara\/","title":{"rendered":"ALERTA POR VIENTO ZONDA: \u00bfQU\u00c9 ZONAS AFECTAR\u00c1?"},"content":{"rendered":"<p><strong>El pron\u00f3stico indica nubosidad variable con ascenso de la temperatura y probabilidad de viento zonda en el llano.<\/strong><\/p>\n<p>El\u00a0<strong>Servicio Meteorol\u00f3gico Nacional<\/strong> emiti\u00f3 una<strong>\u00a0alerta<\/strong>\u00a0roja y naranja por\u00a0<strong>viento Zonda<\/strong> que afectar\u00e1 algunos sectores del llano y precordillera de la provincia de Mendoza.<\/p>\n<p><strong>Inestable con precipitaciones n\u00edveas y viento, en cordillera de Valle de Uco y Norte.\u00a0<\/strong><\/p>\n<p><strong>Condiciones circulaci\u00f3n de viento Zonda<\/strong>, en zonas bajas de: Valle de Uco, zona Este, partes de Gran Mendoza y Lavalle. <strong>Con menor intensidad en San Rafael, Malarg\u00fce y Alvear.<\/strong><\/p>\n<p><a href=\"https:\/\/vinasfm.com\/noticias\/wp-content\/uploads\/2023\/08\/3f3a78d7-5590-4179-85f0-95a6bf3ca01a.jpg\"><img loading=\"lazy\" decoding=\"async\" class=\"alignnone size-medium wp-image-125826\" src=\"https:\/\/vinasfm.com\/noticias\/wp-content\/uploads\/2023\/08\/3f3a78d7-5590-4179-85f0-95a6bf3ca01a-300x300.jpg\" alt=\"\" width=\"300\" height=\"300\" srcset=\"https:\/\/vinasfm.com\/noticias\/wp-content\/uploads\/2023\/08\/3f3a78d7-5590-4179-85f0-95a6bf3ca01a-300x300.jpg 300w, https:\/\/vinasfm.com\/noticias\/wp-content\/uploads\/2023\/08\/3f3a78d7-5590-4179-85f0-95a6bf3ca01a-150x150.jpg 150w, https:\/\/vinasfm.com\/noticias\/wp-content\/uploads\/2023\/08\/3f3a78d7-5590-4179-85f0-95a6bf3ca01a-360x360.jpg 360w, https:\/\/vinasfm.com\/noticias\/wp-content\/uploads\/2023\/08\/3f3a78d7-5590-4179-85f0-95a6bf3ca01a.jpg 526w\" sizes=\"auto, (max-width: 300px) 100vw, 300px\" \/><\/a><\/p>\n","protected":false},"excerpt":{"rendered":"<p>El pron\u00f3stico indica nubosidad variable con ascenso de la temperatura y probabilidad de viento zonda en el llano. El\u00a0Servicio Meteorol\u00f3gico Nacional &#8230;<\/p>\n","protected":false},"author":7,"featured_media":73145,"comment_status":"open","ping_status":"open","sticky":false,"template":"","format":"standard","meta":{"footnotes":""},"categories":[1],"tags":[],"class_list":["post-125825","post","type-post","status-publish","format-standard","has-post-thumbnail","hentry","category-fmvinas"],"_links":{"self":[{"href":"https:\/\/vinasfm.com\/noticias\/wp-json\/wp\/v2\/posts\/125825","targetHints":{"allow":["GET"]}}],"collection":[{"href":"https:\/\/vinasfm.com\/noticias\/wp-json\/wp\/v2\/posts"}],"about":[{"href":"https:\/\/vinasfm.com\/noticias\/wp-json\/wp\/v2\/types\/post"}],"author":[{"embeddable":true,"href":"https:\/\/vinasfm.com\/noticias\/wp-json\/wp\/v2\/users\/7"}],"replies":[{"embeddable":true,"href":"https:\/\/vinasfm.com\/noticias\/wp-json\/wp\/v2\/comments?post=125825"}],"version-history":[{"count":3,"href":"https:\/\/vinasfm.com\/noticias\/wp-json\/wp\/v2\/posts\/125825\/revisions"}],"predecessor-version":[{"id":125829,"href":"https:\/\/vinasfm.com\/noticias\/wp-json\/wp\/v2\/posts\/125825\/revisions\/125829"}],"wp:featuredmedia":[{"embeddable":true,"href":"https:\/\/vinasfm.com\/noticias\/wp-json\/wp\/v2\/media\/73145"}],"wp:attachment":[{"href":"https:\/\/vinasfm.com\/noticias\/wp-json\/wp\/v2\/media?parent=125825"}],"wp:term":[{"taxonomy":"category","embeddable":true,"href":"https:\/\/vinasfm.com\/noticias\/wp-json\/wp\/v2\/categories?post=125825"},{"taxonomy":"post_tag","embeddable":true,"href":"https:\/\/vinasfm.com\/noticias\/wp-json\/wp\/v2\/tags?post=125825"}],"curies":[{"name":"wp","href":"https:\/\/api.w.org\/{rel}","templated":true}]}}