{"id":125821,"date":"2023-08-21T09:52:34","date_gmt":"2023-08-21T12:52:34","guid":{"rendered":"https:\/\/vinasfm.com\/noticias\/?p=125821"},"modified":"2023-08-21T22:29:49","modified_gmt":"2023-08-22T01:29:49","slug":"dos-nuevos-robos-tuvieron-lugar-este-fin-de-semana","status":"publish","type":"post","link":"https:\/\/vinasfm.com\/noticias\/dos-nuevos-robos-tuvieron-lugar-este-fin-de-semana\/","title":{"rendered":"DOS NUEVOS ROBOS TUVIERON LUGAR ESTE FIN DE SEMANA"},"content":{"rendered":"<p><strong>No hay descanso para los hechos delictivos y esta vez apuntaron a obras en construcci\u00f3n.<\/strong><\/p>\n<p>El primer hecho fue denunciado el d\u00eda s\u00e1bado en horas de la ma\u00f1ana en Comisar\u00eda 14. <strong>La v\u00edctima dio cuenta que posee una obra en construcci\u00f3n en inmediaciones de calle Illia y Laprida,<\/strong> donde el d\u00eda viernes en horas de la tarde dej\u00f3 el lugar cerrado con medidas de seguridad; al hacerse presente <strong>el d\u00eda s\u00e1bado a la ma\u00f1ana constat\u00f3 que personas desconocidas hab\u00edan violentado la puerta de acceso y sustra\u00eddo elementos del interior de la misma.<\/strong><\/p>\n<p>El mismo s\u00e1bado se denunci\u00f3 en Comisar\u00eda 14 un il\u00edcito ocurrido en inmediaciones de calle <strong>Uspallata al 1300.<\/strong> La v\u00edctima dio cuenta que posee una obra en construcci\u00f3n desde donde se retiraron el d\u00eda viernes en horas de la tarde al arribar; en horas de la ma\u00f1ana del d\u00eda s\u00e1bado <strong>pudieron constatar que personas desconocidas da\u00f1aron el candado del port\u00f3n y sutrajeron del interior una importante cantidad de elementos pertenecientes a la obra.<\/strong><\/p>\n","protected":false},"excerpt":{"rendered":"<p>No hay descanso para los hechos delictivos y esta vez apuntaron a obras en construcci\u00f3n. El primer hecho fue denunciado el &#8230;<\/p>\n","protected":false},"author":7,"featured_media":117843,"comment_status":"open","ping_status":"open","sticky":false,"template":"","format":"standard","meta":{"footnotes":""},"categories":[5,4],"tags":[],"class_list":["post-125821","post","type-post","status-publish","format-standard","has-post-thumbnail","hentry","category-actualidad","category-policiales"],"_links":{"self":[{"href":"https:\/\/vinasfm.com\/noticias\/wp-json\/wp\/v2\/posts\/125821","targetHints":{"allow":["GET"]}}],"collection":[{"href":"https:\/\/vinasfm.com\/noticias\/wp-json\/wp\/v2\/posts"}],"about":[{"href":"https:\/\/vinasfm.com\/noticias\/wp-json\/wp\/v2\/types\/post"}],"author":[{"embeddable":true,"href":"https:\/\/vinasfm.com\/noticias\/wp-json\/wp\/v2\/users\/7"}],"replies":[{"embeddable":true,"href":"https:\/\/vinasfm.com\/noticias\/wp-json\/wp\/v2\/comments?post=125821"}],"version-history":[{"count":6,"href":"https:\/\/vinasfm.com\/noticias\/wp-json\/wp\/v2\/posts\/125821\/revisions"}],"predecessor-version":[{"id":125834,"href":"https:\/\/vinasfm.com\/noticias\/wp-json\/wp\/v2\/posts\/125821\/revisions\/125834"}],"wp:featuredmedia":[{"embeddable":true,"href":"https:\/\/vinasfm.com\/noticias\/wp-json\/wp\/v2\/media\/117843"}],"wp:attachment":[{"href":"https:\/\/vinasfm.com\/noticias\/wp-json\/wp\/v2\/media?parent=125821"}],"wp:term":[{"taxonomy":"category","embeddable":true,"href":"https:\/\/vinasfm.com\/noticias\/wp-json\/wp\/v2\/categories?post=125821"},{"taxonomy":"post_tag","embeddable":true,"href":"https:\/\/vinasfm.com\/noticias\/wp-json\/wp\/v2\/tags?post=125821"}],"curies":[{"name":"wp","href":"https:\/\/api.w.org\/{rel}","templated":true}]}}