{"id":125791,"date":"2023-08-19T11:45:00","date_gmt":"2023-08-19T14:45:00","guid":{"rendered":"https:\/\/vinasfm.com\/noticias\/?p=125791"},"modified":"2023-08-19T11:45:00","modified_gmt":"2023-08-19T14:45:00","slug":"reporte-del-estado-de-rutas-vialidad-provincial-sub-zona-malargue","status":"publish","type":"post","link":"https:\/\/vinasfm.com\/noticias\/reporte-del-estado-de-rutas-vialidad-provincial-sub-zona-malargue\/","title":{"rendered":"REPORTE DEL ESTADO DE RUTAS: VIALIDAD PROVINCIAL SUB ZONA MALARG\u00dcE\u00a0"},"content":{"rendered":"<p><strong>El Consejero por la Zona Sur de Vialidad adelant\u00f3 que las condiciones de inestabilidad permanecer\u00e1n hasta la pr\u00f3xima semana. As\u00ed mismo, solicito que se mantengan las precauciones al momento de circular por rutas de alta monta\u00f1a.<\/strong><\/p>\n<p>V\u00edctor \u00c1lvarez inform\u00f3 que, si bien hay maquinaria realizando trabajos de mantenimiento en la zona, toda persona que circule por las v\u00edas deber\u00e1 utilizar las cadenas de seguridad puesto que de lo contrario no podr\u00e1n continuar con la circulaci\u00f3n.<\/p>\n<h2>ESTADO DE LAS RUTAS<\/h2>\n<ul>\n<li>Ruta provincial 222 transitable con precaucion equipos viales trabajando sobre la calzada. Visibilidad reducida por precipitaciones. Portaci\u00f3n obligatoria de cadenas.<\/li>\n<\/ul>\n","protected":false},"excerpt":{"rendered":"<p>El Consejero por la Zona Sur de Vialidad adelant\u00f3 que las condiciones de inestabilidad permanecer\u00e1n hasta la pr\u00f3xima semana. As\u00ed mismo, &#8230;<\/p>\n","protected":false},"author":7,"featured_media":125792,"comment_status":"open","ping_status":"open","sticky":false,"template":"","format":"standard","meta":{"footnotes":""},"categories":[1],"tags":[],"class_list":["post-125791","post","type-post","status-publish","format-standard","has-post-thumbnail","hentry","category-fmvinas"],"_links":{"self":[{"href":"https:\/\/vinasfm.com\/noticias\/wp-json\/wp\/v2\/posts\/125791","targetHints":{"allow":["GET"]}}],"collection":[{"href":"https:\/\/vinasfm.com\/noticias\/wp-json\/wp\/v2\/posts"}],"about":[{"href":"https:\/\/vinasfm.com\/noticias\/wp-json\/wp\/v2\/types\/post"}],"author":[{"embeddable":true,"href":"https:\/\/vinasfm.com\/noticias\/wp-json\/wp\/v2\/users\/7"}],"replies":[{"embeddable":true,"href":"https:\/\/vinasfm.com\/noticias\/wp-json\/wp\/v2\/comments?post=125791"}],"version-history":[{"count":1,"href":"https:\/\/vinasfm.com\/noticias\/wp-json\/wp\/v2\/posts\/125791\/revisions"}],"predecessor-version":[{"id":125793,"href":"https:\/\/vinasfm.com\/noticias\/wp-json\/wp\/v2\/posts\/125791\/revisions\/125793"}],"wp:featuredmedia":[{"embeddable":true,"href":"https:\/\/vinasfm.com\/noticias\/wp-json\/wp\/v2\/media\/125792"}],"wp:attachment":[{"href":"https:\/\/vinasfm.com\/noticias\/wp-json\/wp\/v2\/media?parent=125791"}],"wp:term":[{"taxonomy":"category","embeddable":true,"href":"https:\/\/vinasfm.com\/noticias\/wp-json\/wp\/v2\/categories?post=125791"},{"taxonomy":"post_tag","embeddable":true,"href":"https:\/\/vinasfm.com\/noticias\/wp-json\/wp\/v2\/tags?post=125791"}],"curies":[{"name":"wp","href":"https:\/\/api.w.org\/{rel}","templated":true}]}}