{"id":125784,"date":"2023-08-19T09:53:19","date_gmt":"2023-08-19T12:53:19","guid":{"rendered":"https:\/\/vinasfm.com\/noticias\/?p=125784"},"modified":"2023-08-19T09:53:19","modified_gmt":"2023-08-19T12:53:19","slug":"pronostico-del-tiempo-para-este-fin-de-semana-largo-en-general-alvear","status":"publish","type":"post","link":"https:\/\/vinasfm.com\/noticias\/pronostico-del-tiempo-para-este-fin-de-semana-largo-en-general-alvear\/","title":{"rendered":"PRON\u00d3STICO DEL TIEMPO PARA ESTE FIN DE SEMANA LARGO EN GENERAL ALVEAR"},"content":{"rendered":"<p><strong>Durante este fin de semana tendremos presencia de vientos de intensidad moderada a fuerte. Las m\u00ednimas rondar\u00e1n los 3\u00baC y las m\u00e1ximas no superar\u00e1n los 18\u00aaC.<\/strong><\/p>\n<p>Este <strong>s\u00e1bado 19<\/strong> de agosto tendremos presencia de viento norte-noreste moderado, el cielo permanecer\u00e1 nublado. Se esperan precipitaciones aisladas desde la mitad de la ma\u00f1ana.<strong> M\u00e1xima 16 \u00b0C M\u00ednima 3 \u00b0C<\/strong><\/p>\n<p>El <strong>domingo<\/strong> se celebrar\u00e1 el D\u00eda del Ni\u00f1o con presencia de viento norte moderado y algo de nubosidad. Habr\u00e1n precipitaciones aisladas en el sur de San Rafael y sur de General Alvear durante la madrugada-ma\u00f1ana. <strong>M\u00e1xima 18 \u00b0C M\u00ednima 6 \u00b0C<\/strong><\/p>\n<p>El d\u00eda<strong> lunes<\/strong>, feriado puente, tendremos viento oeste-suroeste de intensidad moderada a fuerte, cielo nublado. Posibles precipitaciones d\u00e9biles en la tarde-noche sobre San Rafael y General Alvear. <strong>M\u00e1xima 18 \u00b0C M\u00ednima 6 \u00b0C<\/strong><\/p>\n","protected":false},"excerpt":{"rendered":"<p>Durante este fin de semana tendremos presencia de vientos de intensidad moderada a fuerte. Las m\u00ednimas rondar\u00e1n los 3\u00baC y las &#8230;<\/p>\n","protected":false},"author":7,"featured_media":125523,"comment_status":"open","ping_status":"open","sticky":false,"template":"","format":"standard","meta":{"footnotes":""},"categories":[1],"tags":[],"class_list":["post-125784","post","type-post","status-publish","format-standard","has-post-thumbnail","hentry","category-fmvinas"],"_links":{"self":[{"href":"https:\/\/vinasfm.com\/noticias\/wp-json\/wp\/v2\/posts\/125784","targetHints":{"allow":["GET"]}}],"collection":[{"href":"https:\/\/vinasfm.com\/noticias\/wp-json\/wp\/v2\/posts"}],"about":[{"href":"https:\/\/vinasfm.com\/noticias\/wp-json\/wp\/v2\/types\/post"}],"author":[{"embeddable":true,"href":"https:\/\/vinasfm.com\/noticias\/wp-json\/wp\/v2\/users\/7"}],"replies":[{"embeddable":true,"href":"https:\/\/vinasfm.com\/noticias\/wp-json\/wp\/v2\/comments?post=125784"}],"version-history":[{"count":2,"href":"https:\/\/vinasfm.com\/noticias\/wp-json\/wp\/v2\/posts\/125784\/revisions"}],"predecessor-version":[{"id":125786,"href":"https:\/\/vinasfm.com\/noticias\/wp-json\/wp\/v2\/posts\/125784\/revisions\/125786"}],"wp:featuredmedia":[{"embeddable":true,"href":"https:\/\/vinasfm.com\/noticias\/wp-json\/wp\/v2\/media\/125523"}],"wp:attachment":[{"href":"https:\/\/vinasfm.com\/noticias\/wp-json\/wp\/v2\/media?parent=125784"}],"wp:term":[{"taxonomy":"category","embeddable":true,"href":"https:\/\/vinasfm.com\/noticias\/wp-json\/wp\/v2\/categories?post=125784"},{"taxonomy":"post_tag","embeddable":true,"href":"https:\/\/vinasfm.com\/noticias\/wp-json\/wp\/v2\/tags?post=125784"}],"curies":[{"name":"wp","href":"https:\/\/api.w.org\/{rel}","templated":true}]}}