{"id":125773,"date":"2023-08-19T09:47:18","date_gmt":"2023-08-19T12:47:18","guid":{"rendered":"https:\/\/vinasfm.com\/noticias\/?p=125773"},"modified":"2023-08-19T09:47:18","modified_gmt":"2023-08-19T12:47:18","slug":"tenes-planes-para-este-fin-de-semana-agenda-cultural-4","status":"publish","type":"post","link":"https:\/\/vinasfm.com\/noticias\/tenes-planes-para-este-fin-de-semana-agenda-cultural-4\/","title":{"rendered":"\u00bfTEN\u00c9S PLANES PARA ESTE FIN DE SEMANA? AGENDA CULTURAL"},"content":{"rendered":"<p><strong>Para este fin de semana largo General Alvear propone distintas actividades vinculadas principalmente al arte y cultura.<\/strong><\/p>\n<h2>\u00bfLo tuyo es la naturaleza?<\/h2>\n<p>Costanera Alvear: abierto s\u00e1bado domingo, de 14 a 18h<\/p>\n<p>Reserva municipal El Trapa: todos los d\u00edas de 10 a 19h<\/p>\n<h2>O tal vez te gustan los espacios culturales<\/h2>\n<p>Multiespacio cultural Bodega Fara\u00f3n: s\u00e1bados, domingos y feriados de 10 a 17h<\/p>\n<p>Museo municipal del Inmigrante: s\u00e1bados, domingos y feriados de 9 a 12hs y de 16 a 19h<\/p>\n<p>Museo de Ciencias Naturales Rafael Reinoso: s\u00e1bados, domingos y feriados 14:30 a 18:30h<\/p>\n<h2>Pasar el d\u00eda viendo pel\u00edculas es otra opci\u00f3n<\/h2>\n<p>Cartelera de Cine 2D<\/p>\n<p>Tortugas Ninja: Caos Mutante: 16:00 y 18:30<\/p>\n<p>Cartelera de Cine 3D<\/p>\n<p>Megalod\u00f3n 2: 20:30<\/p>\n<p><a href=\"https:\/\/vinasfm.com\/noticias\/wp-content\/uploads\/2023\/08\/IMG-20230816-WA0004.jpg\"><img loading=\"lazy\" decoding=\"async\" class=\"alignnone size-medium wp-image-125775\" src=\"https:\/\/vinasfm.com\/noticias\/wp-content\/uploads\/2023\/08\/IMG-20230816-WA0004-278x300.jpg\" alt=\"\" width=\"278\" height=\"300\" srcset=\"https:\/\/vinasfm.com\/noticias\/wp-content\/uploads\/2023\/08\/IMG-20230816-WA0004-278x300.jpg 278w, https:\/\/vinasfm.com\/noticias\/wp-content\/uploads\/2023\/08\/IMG-20230816-WA0004-949x1024.jpg 949w, https:\/\/vinasfm.com\/noticias\/wp-content\/uploads\/2023\/08\/IMG-20230816-WA0004-768x829.jpg 768w, https:\/\/vinasfm.com\/noticias\/wp-content\/uploads\/2023\/08\/IMG-20230816-WA0004-1424x1536.jpg 1424w, https:\/\/vinasfm.com\/noticias\/wp-content\/uploads\/2023\/08\/IMG-20230816-WA0004.jpg 1483w\" sizes=\"auto, (max-width: 278px) 100vw, 278px\" \/><\/a><\/p>\n<p>Venta de entradas en boleter\u00eda y Web: <a href=\"https:\/\/cineteatrolafalla.alvearmendoza.gob.ar\/\">https:\/\/cineteatrolafalla.alvearmendoza.gob.ar\/<\/a><\/p>\n<h2>S\u00e1bado 19 de agosto<\/h2>\n<ul>\n<li>D\u00eda del cantor cuyano<\/li>\n<li>D\u00eda Mundial de la Asistencia Humanitaria<\/li>\n<li>D\u00eda Internacional de la Fotograf\u00eda<\/li>\n<\/ul>\n<h3>Actividades<\/h3>\n<ul>\n<li>14 a 18:30h Ciclo de perfeccionamiento de Danza cl\u00e1sica y Jazz contempor\u00e1neo en Polideportivo Deportistas Alvearenses.<\/li>\n<\/ul>\n<p><a href=\"https:\/\/vinasfm.com\/noticias\/wp-content\/uploads\/2023\/08\/IMG-20230731-WA0018.jpg\"><img loading=\"lazy\" decoding=\"async\" class=\"alignnone size-medium wp-image-125776\" src=\"https:\/\/vinasfm.com\/noticias\/wp-content\/uploads\/2023\/08\/IMG-20230731-WA0018-248x300.jpg\" alt=\"\" width=\"248\" height=\"300\" srcset=\"https:\/\/vinasfm.com\/noticias\/wp-content\/uploads\/2023\/08\/IMG-20230731-WA0018-248x300.jpg 248w, https:\/\/vinasfm.com\/noticias\/wp-content\/uploads\/2023\/08\/IMG-20230731-WA0018-847x1024.jpg 847w, https:\/\/vinasfm.com\/noticias\/wp-content\/uploads\/2023\/08\/IMG-20230731-WA0018-768x928.jpg 768w, https:\/\/vinasfm.com\/noticias\/wp-content\/uploads\/2023\/08\/IMG-20230731-WA0018.jpg 1138w\" sizes=\"auto, (max-width: 248px) 100vw, 248px\" \/><\/a><\/p>\n<ul>\n<li>17:30h Acto oficial Inauguraci\u00f3n de Museo Salvador Calafat, ubicado en calle San Rafael 50, donde se presenta la Banda Militar Tambor de Tacuar\u00ed.<\/li>\n<\/ul>\n<p><a href=\"https:\/\/vinasfm.com\/noticias\/wp-content\/uploads\/2023\/08\/IMG-20230818-WA0001.jpg\"><img loading=\"lazy\" decoding=\"async\" class=\"alignnone size-medium wp-image-125778\" src=\"https:\/\/vinasfm.com\/noticias\/wp-content\/uploads\/2023\/08\/IMG-20230818-WA0001-279x300.jpg\" alt=\"\" width=\"279\" height=\"300\" srcset=\"https:\/\/vinasfm.com\/noticias\/wp-content\/uploads\/2023\/08\/IMG-20230818-WA0001-279x300.jpg 279w, https:\/\/vinasfm.com\/noticias\/wp-content\/uploads\/2023\/08\/IMG-20230818-WA0001-951x1024.jpg 951w, https:\/\/vinasfm.com\/noticias\/wp-content\/uploads\/2023\/08\/IMG-20230818-WA0001-768x827.jpg 768w, https:\/\/vinasfm.com\/noticias\/wp-content\/uploads\/2023\/08\/IMG-20230818-WA0001.jpg 1083w\" sizes=\"auto, (max-width: 279px) 100vw, 279px\" \/><\/a><\/p>\n<ul>\n<li>19:30h Conferencia dictada por el historiador David Bartolom\u00e9 titulada Semblanza Sanmartiniana, Documental titulado El vecino m\u00e1s ilustre, en Museo Municipal del Inmigrante, Av. Sarmiento y Rivadavia, Bowen.<\/li>\n<li>21h Banda Militar Tambor de Tacuar\u00ed en Teatro Antonio Lafalla. Entrada libre, retirar entrada por boleter\u00eda.<\/li>\n<\/ul>\n<p><a href=\"https:\/\/vinasfm.com\/noticias\/wp-content\/uploads\/2023\/08\/IMG-20230818-WA0006.jpg\"><img loading=\"lazy\" decoding=\"async\" class=\"alignnone size-medium wp-image-125779\" src=\"https:\/\/vinasfm.com\/noticias\/wp-content\/uploads\/2023\/08\/IMG-20230818-WA0006-264x300.jpg\" alt=\"\" width=\"264\" height=\"300\" srcset=\"https:\/\/vinasfm.com\/noticias\/wp-content\/uploads\/2023\/08\/IMG-20230818-WA0006-264x300.jpg 264w, https:\/\/vinasfm.com\/noticias\/wp-content\/uploads\/2023\/08\/IMG-20230818-WA0006-899x1024.jpg 899w, https:\/\/vinasfm.com\/noticias\/wp-content\/uploads\/2023\/08\/IMG-20230818-WA0006-768x874.jpg 768w, https:\/\/vinasfm.com\/noticias\/wp-content\/uploads\/2023\/08\/IMG-20230818-WA0006.jpg 1069w\" sizes=\"auto, (max-width: 264px) 100vw, 264px\" \/><\/a><\/p>\n<h2>Domingo 20 de agosto<\/h2>\n<ul>\n<li>D\u00eda de las infancias<\/li>\n<\/ul>\n<h3>Actividades<\/h3>\n<ul>\n<li>10 a 14:30h Ciclo de perfeccionamiento de Danza cl\u00e1sica y Jazz contempor\u00e1neo en Polideportivo Deportistas Alvearenses.<\/li>\n<li>Presentaci\u00f3n de la Banda Militar Tambor de Tacuar\u00ed:<\/li>\n<\/ul>\n<p>10:30h Plaza San Mart\u00edn, Bowen<\/p>\n<p>16h Plaza Carlos Mar\u00eda de Alvear<\/p>\n<ul>\n<li>15 a 18h Festejo D\u00eda de las infancias en Polideportivo de Bowen.<\/li>\n<\/ul>\n<p><a href=\"https:\/\/vinasfm.com\/noticias\/wp-content\/uploads\/2023\/08\/f7d422e0-ed26-471f-942e-cbe2de952f6e.jpg\"><img loading=\"lazy\" decoding=\"async\" class=\"alignnone size-medium wp-image-125764\" src=\"https:\/\/vinasfm.com\/noticias\/wp-content\/uploads\/2023\/08\/f7d422e0-ed26-471f-942e-cbe2de952f6e-266x300.jpg\" alt=\"\" width=\"266\" height=\"300\" srcset=\"https:\/\/vinasfm.com\/noticias\/wp-content\/uploads\/2023\/08\/f7d422e0-ed26-471f-942e-cbe2de952f6e-266x300.jpg 266w, https:\/\/vinasfm.com\/noticias\/wp-content\/uploads\/2023\/08\/f7d422e0-ed26-471f-942e-cbe2de952f6e-907x1024.jpg 907w, https:\/\/vinasfm.com\/noticias\/wp-content\/uploads\/2023\/08\/f7d422e0-ed26-471f-942e-cbe2de952f6e-768x867.jpg 768w, https:\/\/vinasfm.com\/noticias\/wp-content\/uploads\/2023\/08\/f7d422e0-ed26-471f-942e-cbe2de952f6e.jpg 1089w\" sizes=\"auto, (max-width: 266px) 100vw, 266px\" \/><\/a><\/p>\n<h2>Lunes 21 de agosto<\/h2>\n<ul>\n<li>D\u00eda nacional de la futbolista<\/li>\n<li>D\u00eda Nacional del Filatelista<\/li>\n<li>D\u00eda Internacional de Conmemoraci\u00f3n y Homenaje a las V\u00edctimas del Terrorismo<\/li>\n<\/ul>\n<h2>Actividades<\/h2>\n<ul>\n<li>15h M\u00fasica en el Paseo en el marco del D\u00eda de las Infancias con la participaci\u00f3n de la Escuela Art\u00edstica N\u00b0 5-006 Alberto Williams, con sus Talleres de Viol\u00edn, de Coro y el abierto de percusi\u00f3n con los ni\u00f1os presentes del p\u00fablico y alumnos. Habr\u00e1 sorteos y juegos, adem\u00e1s, estar\u00e1n los artesanos y productores locales.<\/li>\n<li>18h Documental Alejo Abutkov \u00abUn M\u00fasico en Carmensa\u00bb en Cine Antonio Lafalla. Entrada libre.<\/li>\n<\/ul>\n<p><a href=\"https:\/\/vinasfm.com\/noticias\/wp-content\/uploads\/2023\/08\/IMG-20230810-WA0020.jpg\"><img loading=\"lazy\" decoding=\"async\" class=\"alignnone size-medium wp-image-125780\" src=\"https:\/\/vinasfm.com\/noticias\/wp-content\/uploads\/2023\/08\/IMG-20230810-WA0020-300x297.jpg\" alt=\"\" width=\"300\" height=\"297\" srcset=\"https:\/\/vinasfm.com\/noticias\/wp-content\/uploads\/2023\/08\/IMG-20230810-WA0020-300x297.jpg 300w, https:\/\/vinasfm.com\/noticias\/wp-content\/uploads\/2023\/08\/IMG-20230810-WA0020-1024x1013.jpg 1024w, https:\/\/vinasfm.com\/noticias\/wp-content\/uploads\/2023\/08\/IMG-20230810-WA0020-150x150.jpg 150w, https:\/\/vinasfm.com\/noticias\/wp-content\/uploads\/2023\/08\/IMG-20230810-WA0020-768x760.jpg 768w, https:\/\/vinasfm.com\/noticias\/wp-content\/uploads\/2023\/08\/IMG-20230810-WA0020.jpg 1267w\" sizes=\"auto, (max-width: 300px) 100vw, 300px\" \/><\/a><\/p>\n","protected":false},"excerpt":{"rendered":"<p>Para este fin de semana largo General Alvear propone distintas actividades vinculadas principalmente al arte y cultura. \u00bfLo tuyo es la &#8230;<\/p>\n","protected":false},"author":7,"featured_media":125782,"comment_status":"open","ping_status":"open","sticky":false,"template":"","format":"standard","meta":{"footnotes":""},"categories":[1],"tags":[],"class_list":["post-125773","post","type-post","status-publish","format-standard","has-post-thumbnail","hentry","category-fmvinas"],"_links":{"self":[{"href":"https:\/\/vinasfm.com\/noticias\/wp-json\/wp\/v2\/posts\/125773","targetHints":{"allow":["GET"]}}],"collection":[{"href":"https:\/\/vinasfm.com\/noticias\/wp-json\/wp\/v2\/posts"}],"about":[{"href":"https:\/\/vinasfm.com\/noticias\/wp-json\/wp\/v2\/types\/post"}],"author":[{"embeddable":true,"href":"https:\/\/vinasfm.com\/noticias\/wp-json\/wp\/v2\/users\/7"}],"replies":[{"embeddable":true,"href":"https:\/\/vinasfm.com\/noticias\/wp-json\/wp\/v2\/comments?post=125773"}],"version-history":[{"count":4,"href":"https:\/\/vinasfm.com\/noticias\/wp-json\/wp\/v2\/posts\/125773\/revisions"}],"predecessor-version":[{"id":125783,"href":"https:\/\/vinasfm.com\/noticias\/wp-json\/wp\/v2\/posts\/125773\/revisions\/125783"}],"wp:featuredmedia":[{"embeddable":true,"href":"https:\/\/vinasfm.com\/noticias\/wp-json\/wp\/v2\/media\/125782"}],"wp:attachment":[{"href":"https:\/\/vinasfm.com\/noticias\/wp-json\/wp\/v2\/media?parent=125773"}],"wp:term":[{"taxonomy":"category","embeddable":true,"href":"https:\/\/vinasfm.com\/noticias\/wp-json\/wp\/v2\/categories?post=125773"},{"taxonomy":"post_tag","embeddable":true,"href":"https:\/\/vinasfm.com\/noticias\/wp-json\/wp\/v2\/tags?post=125773"}],"curies":[{"name":"wp","href":"https:\/\/api.w.org\/{rel}","templated":true}]}}