{"id":125768,"date":"2023-08-19T09:20:01","date_gmt":"2023-08-19T12:20:01","guid":{"rendered":"https:\/\/vinasfm.com\/noticias\/?p=125768"},"modified":"2023-08-19T10:04:36","modified_gmt":"2023-08-19T13:04:36","slug":"reinaugura-el-museo-salvador-calafat","status":"publish","type":"post","link":"https:\/\/vinasfm.com\/noticias\/reinaugura-el-museo-salvador-calafat\/","title":{"rendered":"REINAUGURA EL MUSEO DE HISTORIA SALVADOR CALAFAT"},"content":{"rendered":"<p><strong>Las puertas del museo, ubicado en calle San Rafael 50, volver\u00e1n a abrir este 19 de agosto a las 17:30 horas.<\/strong><\/p>\n<p>El \u00abMuseo de Historia Salvador Calafat\u00bb permaneci\u00f3 cerrado por res a\u00f1os.<strong><em> \u00abTuvimos una cantidad de obst\u00e1culos para poder reabrir sus puertas, pero nuestro objetivo era terminar con el circuito de museos\u00bb<\/em><\/strong>, expres\u00f3 la Directora de Cultura, Liana Piedrafita.<\/p>\n<p>Este es el s\u00e9ptimo museo inaugurado en la gesti\u00f3n actual. <em><strong>\u00abEl objetivo de este circuito es que los turistas puedan recorrer el departamento y, gracias a los museos distribuidos en los distritos, puedan conocer la cultura alvearense\u00bb.<\/strong><\/em><\/p>\n<p><a href=\"https:\/\/vinasfm.com\/noticias\/wp-content\/uploads\/2023\/08\/IMG-20230818-WA0017.jpg\"><img loading=\"lazy\" decoding=\"async\" class=\"alignnone size-medium wp-image-125769\" src=\"https:\/\/vinasfm.com\/noticias\/wp-content\/uploads\/2023\/08\/IMG-20230818-WA0017-300x169.jpg\" alt=\"\" width=\"300\" height=\"169\" srcset=\"https:\/\/vinasfm.com\/noticias\/wp-content\/uploads\/2023\/08\/IMG-20230818-WA0017-300x169.jpg 300w, https:\/\/vinasfm.com\/noticias\/wp-content\/uploads\/2023\/08\/IMG-20230818-WA0017-1024x576.jpg 1024w, https:\/\/vinasfm.com\/noticias\/wp-content\/uploads\/2023\/08\/IMG-20230818-WA0017-768x432.jpg 768w, https:\/\/vinasfm.com\/noticias\/wp-content\/uploads\/2023\/08\/IMG-20230818-WA0017-1536x864.jpg 1536w, https:\/\/vinasfm.com\/noticias\/wp-content\/uploads\/2023\/08\/IMG-20230818-WA0017-750x420.jpg 750w, https:\/\/vinasfm.com\/noticias\/wp-content\/uploads\/2023\/08\/IMG-20230818-WA0017-1140x641.jpg 1140w, https:\/\/vinasfm.com\/noticias\/wp-content\/uploads\/2023\/08\/IMG-20230818-WA0017.jpg 1600w\" sizes=\"auto, (max-width: 300px) 100vw, 300px\" \/><\/a> <a href=\"https:\/\/vinasfm.com\/noticias\/wp-content\/uploads\/2023\/08\/IMG-20230818-WA0016.jpg\"><img loading=\"lazy\" decoding=\"async\" class=\"alignnone size-medium wp-image-125770\" src=\"https:\/\/vinasfm.com\/noticias\/wp-content\/uploads\/2023\/08\/IMG-20230818-WA0016-300x169.jpg\" alt=\"\" width=\"300\" height=\"169\" srcset=\"https:\/\/vinasfm.com\/noticias\/wp-content\/uploads\/2023\/08\/IMG-20230818-WA0016-300x169.jpg 300w, https:\/\/vinasfm.com\/noticias\/wp-content\/uploads\/2023\/08\/IMG-20230818-WA0016-1024x576.jpg 1024w, https:\/\/vinasfm.com\/noticias\/wp-content\/uploads\/2023\/08\/IMG-20230818-WA0016-768x432.jpg 768w, https:\/\/vinasfm.com\/noticias\/wp-content\/uploads\/2023\/08\/IMG-20230818-WA0016-1536x864.jpg 1536w, https:\/\/vinasfm.com\/noticias\/wp-content\/uploads\/2023\/08\/IMG-20230818-WA0016-750x420.jpg 750w, https:\/\/vinasfm.com\/noticias\/wp-content\/uploads\/2023\/08\/IMG-20230818-WA0016-1140x641.jpg 1140w, https:\/\/vinasfm.com\/noticias\/wp-content\/uploads\/2023\/08\/IMG-20230818-WA0016.jpg 1600w\" sizes=\"auto, (max-width: 300px) 100vw, 300px\" \/><\/a><\/p>\n<p>El \u00abMuseo de Historia Salvador Calafat\u00bb, re\u00fane la historia social, pol\u00edtica, productiva y de la comunicaci\u00f3n de General Alvear. Cuenta con una sala especial dedicada a Aalejo Abutcov, compositor e int\u00e9rprete de or\u00edgen ruso radicado en San Pedro del Atuel, en donde se podr\u00e1 conocer las obras realizadas a lo largo de su vida.<\/p>\n<p><strong><em>\u00abEs interesante saber que el resguardo de la memoria y la cultura es el gran patrimonio de los pueblos, por eso este museo va a ser atractivo para todos los alvearenses\u00bb<\/em><\/strong>, expres\u00f3 Piedrafita.<\/p>\n<p>El lugar fue donado por el Dr. Salvador Calafat, un apasionado de la historia, con el objetivo de mantener viva las ra\u00edces y la historia de General Alvear. \u00a0Originalmente, el Doctor Salvador Calafat lo inaugur\u00f3 el 12 de octubre de 1958 y funcionaba en Avenida Alvear Oeste 470. En 1960 fue inaugurado en su domicilio actual, San Rafael 48.<\/p>\n<p>En el acto inaugural estar\u00e1 presente la Banda militar Tambor de Tacuar\u00ed, conformada por 60 m\u00fasicos, que a las 21:30h estar\u00e1n en el Teatro Antonio Lafalla. El domingo 20 de agosto a las 10:30h se presentar\u00e1n en la Plaza San Mart\u00edn de Bowen y a las 16h en la Plaza Carlos Mar\u00eda de Alvear de Ciuadad.<\/p>\n","protected":false},"excerpt":{"rendered":"<p>Las puertas del museo, ubicado en calle San Rafael 50, volver\u00e1n a abrir este 19 de agosto a las 17:30 horas. &#8230;<\/p>\n","protected":false},"author":7,"featured_media":125771,"comment_status":"open","ping_status":"open","sticky":false,"template":"","format":"standard","meta":{"footnotes":""},"categories":[1],"tags":[],"class_list":["post-125768","post","type-post","status-publish","format-standard","has-post-thumbnail","hentry","category-fmvinas"],"_links":{"self":[{"href":"https:\/\/vinasfm.com\/noticias\/wp-json\/wp\/v2\/posts\/125768","targetHints":{"allow":["GET"]}}],"collection":[{"href":"https:\/\/vinasfm.com\/noticias\/wp-json\/wp\/v2\/posts"}],"about":[{"href":"https:\/\/vinasfm.com\/noticias\/wp-json\/wp\/v2\/types\/post"}],"author":[{"embeddable":true,"href":"https:\/\/vinasfm.com\/noticias\/wp-json\/wp\/v2\/users\/7"}],"replies":[{"embeddable":true,"href":"https:\/\/vinasfm.com\/noticias\/wp-json\/wp\/v2\/comments?post=125768"}],"version-history":[{"count":3,"href":"https:\/\/vinasfm.com\/noticias\/wp-json\/wp\/v2\/posts\/125768\/revisions"}],"predecessor-version":[{"id":125788,"href":"https:\/\/vinasfm.com\/noticias\/wp-json\/wp\/v2\/posts\/125768\/revisions\/125788"}],"wp:featuredmedia":[{"embeddable":true,"href":"https:\/\/vinasfm.com\/noticias\/wp-json\/wp\/v2\/media\/125771"}],"wp:attachment":[{"href":"https:\/\/vinasfm.com\/noticias\/wp-json\/wp\/v2\/media?parent=125768"}],"wp:term":[{"taxonomy":"category","embeddable":true,"href":"https:\/\/vinasfm.com\/noticias\/wp-json\/wp\/v2\/categories?post=125768"},{"taxonomy":"post_tag","embeddable":true,"href":"https:\/\/vinasfm.com\/noticias\/wp-json\/wp\/v2\/tags?post=125768"}],"curies":[{"name":"wp","href":"https:\/\/api.w.org\/{rel}","templated":true}]}}