{"id":125766,"date":"2023-08-18T11:22:36","date_gmt":"2023-08-18T14:22:36","guid":{"rendered":"https:\/\/vinasfm.com\/noticias\/?p=125766"},"modified":"2023-08-18T11:22:36","modified_gmt":"2023-08-18T14:22:36","slug":"el-coctel-climatico-que-se-espera-para-el-finde-xl-en-mendoza","status":"publish","type":"post","link":"https:\/\/vinasfm.com\/noticias\/el-coctel-climatico-que-se-espera-para-el-finde-xl-en-mendoza\/","title":{"rendered":"EL \u201cC\u00d3CTEL CLIM\u00c1TICO\u201d QUE SE ESPERA PARA EL FINDE XL EN MENDOZA"},"content":{"rendered":"<p><strong>Los organismos meteorol\u00f3gicos anunciaron jornadas inestables, con m\u00e1ximas que ir\u00e1n de los 16 a los 25 grados.<\/strong><\/p>\n<p>Se viene un nuevo fin de semana largo y son muchos los turistas que han elegido Mendoza para disfrutarlo. A eso se le suma uno de los festejos m\u00e1s populares como es el D\u00eda del Ni\u00f1o, y la consulta reinante es c\u00f3mo estar\u00e1 el tiempo.<\/p>\n<p><strong>Los principales organismos meteorol\u00f3gicos anuncian inestabilidad y m\u00e1ximas que ir\u00e1n de los 16 a los 25 grados.<\/strong><\/p>\n<p>Adem\u00e1s, <strong>hay alertas amarilla y naranja por nevadas intensas en alta monta\u00f1a y como si eso fuera poco, vuelve el Zonda en altura, con probabilidad de que descienda al llano, al menos en algunas zonas de la provincia.<\/strong><\/p>\n<h2>Los chilenos se quedaron con las ganas<\/h2>\n<p>Uno de los temas m\u00e1s preocupantes para las autoridades de Turismo es que el mal tiempo en alta monta\u00f1a hizo que miles de turistas chilenos no pudieran cruzar hacia Mendoza, ya que se cerr\u00f3 el paso Cristo Redentor por el fuerte temporal y se espera que permanezca cerrado hasta la semana pr\u00f3xima.<\/p>\n<p>Esto, obviamente, <strong>repercutir\u00e1 en las cifras previstas para este finde largo. Se estima que el mal tiempo persistir\u00e1 hasta el pr\u00f3ximo jueves, inclusive. Por lo que se cree que reci\u00e9n el viernes a las 9 podr\u00eda habilitarse el tr\u00e1nsito para todo tipo de veh\u00edculo.<\/strong><\/p>\n<p>De acuerdo con lo anunciado por el Servicio Meteorol\u00f3gico Nacional (SMN) para el s\u00e1bado se prev\u00e9 alerta amarilla y naranja por nevadas intensas en alta monta\u00f1a.<\/p>\n<p><em><strong>\u201cInestable con tormentas y precipitaciones n\u00edveas y de lluvias. Afectando inicialmente cordillera Sur, luego se extender\u00eda hacia cordillera de Valle de Uco y Norte\u201d<\/strong><\/em>, indica el organismo. La m\u00ednima para ese d\u00eda ser\u00e1 de 4 grados y la m\u00e1xima llegar\u00e1 a los 16.<\/p>\n<p>El domingo, D\u00eda del Ni\u00f1o, se mantienen las condiciones de inestabilidad en sectores de cordillera de Sur a Norte. Con precipitaciones n\u00edveas y lluvias por sectores.<\/p>\n<p>Adem\u00e1s, para esa jornada se prev\u00e9n posibilidades de viento Zonda en el Valle de Uspallata. Los modelos indican viento d\u00e9bil a moderado. La m\u00ednima ser\u00e1 de 6 grados y m\u00e1xima podr\u00eda llegar a los 20.<\/p>\n<p>Atenci\u00f3n, porque el lunes se presentar\u00e1 con nubosidad variable, ascenso de la temperatura, probabilidad de viento Zonda en altura y en algunos sectores del llano. Adem\u00e1s, habr\u00e1 nevadas moderadas en cordillera y precipitaciones en Malarg\u00fce. La m\u00ednima ser\u00e1 de 9 grados y la m\u00e1xima de 25.<\/p>\n","protected":false},"excerpt":{"rendered":"<p>Los organismos meteorol\u00f3gicos anunciaron jornadas inestables, con m\u00e1ximas que ir\u00e1n de los 16 a los 25 grados. Se viene un nuevo &#8230;<\/p>\n","protected":false},"author":7,"featured_media":123208,"comment_status":"open","ping_status":"open","sticky":false,"template":"","format":"standard","meta":{"footnotes":""},"categories":[1],"tags":[],"class_list":["post-125766","post","type-post","status-publish","format-standard","has-post-thumbnail","hentry","category-fmvinas"],"_links":{"self":[{"href":"https:\/\/vinasfm.com\/noticias\/wp-json\/wp\/v2\/posts\/125766","targetHints":{"allow":["GET"]}}],"collection":[{"href":"https:\/\/vinasfm.com\/noticias\/wp-json\/wp\/v2\/posts"}],"about":[{"href":"https:\/\/vinasfm.com\/noticias\/wp-json\/wp\/v2\/types\/post"}],"author":[{"embeddable":true,"href":"https:\/\/vinasfm.com\/noticias\/wp-json\/wp\/v2\/users\/7"}],"replies":[{"embeddable":true,"href":"https:\/\/vinasfm.com\/noticias\/wp-json\/wp\/v2\/comments?post=125766"}],"version-history":[{"count":1,"href":"https:\/\/vinasfm.com\/noticias\/wp-json\/wp\/v2\/posts\/125766\/revisions"}],"predecessor-version":[{"id":125767,"href":"https:\/\/vinasfm.com\/noticias\/wp-json\/wp\/v2\/posts\/125766\/revisions\/125767"}],"wp:featuredmedia":[{"embeddable":true,"href":"https:\/\/vinasfm.com\/noticias\/wp-json\/wp\/v2\/media\/123208"}],"wp:attachment":[{"href":"https:\/\/vinasfm.com\/noticias\/wp-json\/wp\/v2\/media?parent=125766"}],"wp:term":[{"taxonomy":"category","embeddable":true,"href":"https:\/\/vinasfm.com\/noticias\/wp-json\/wp\/v2\/categories?post=125766"},{"taxonomy":"post_tag","embeddable":true,"href":"https:\/\/vinasfm.com\/noticias\/wp-json\/wp\/v2\/tags?post=125766"}],"curies":[{"name":"wp","href":"https:\/\/api.w.org\/{rel}","templated":true}]}}