{"id":125759,"date":"2023-08-18T10:17:43","date_gmt":"2023-08-18T13:17:43","guid":{"rendered":"https:\/\/vinasfm.com\/noticias\/?p=125759"},"modified":"2023-08-19T11:50:45","modified_gmt":"2023-08-19T14:50:45","slug":"mendoza-equipara-con-camaras-200-patrulleros-de-la-provincia","status":"publish","type":"post","link":"https:\/\/vinasfm.com\/noticias\/mendoza-equipara-con-camaras-200-patrulleros-de-la-provincia\/","title":{"rendered":"MENDOZA EQUIPAR\u00c1 CON C\u00c1MARAS 200 PATRULLEROS DE LA PROVINCIA"},"content":{"rendered":"<p><strong>La compra fue publicada en el Bolet\u00edn Oficial y tendr\u00e1 una inversi\u00f3n de casi 409 millones de pesos.<\/strong><\/p>\n<p>A trav\u00e9s del decreto 1721 del Bolet\u00edn Oficial, el Ministerio de Seguridad orden\u00f3 la compra de 200 c\u00e1maras para equipar patrulleros policiales de toda la provincia. El fin de esta adquisici\u00f3n es mejorar la videovigilancia de cada unidad policial. El Ejecutivo provincial invertir\u00e1 casi 409 millones de pesos.<\/p>\n<p>En el edicto se\u00f1alaron que, para atender necesidades del Ministerio de Seguridad de la provincia, desde la cartera encabezada por Ra\u00fal Levrino ordenaron la adquisici\u00f3n de soluci\u00f3n de videovigilancia m\u00f3vil para equipar 200 patrulleros.<\/p>\n<p><strong>\u201c<em>Autor\u00edcese a Divisi\u00f3n Compras dependiente de la Direcci\u00f3n de Log\u00edstica del Ministerio de Seguridad para que proceda al llamado a Licitaci\u00f3n P\u00fablica para la ADQUISICI\u00d3N DE SOLUCI\u00d3N DE VIDEOVIGILANCIA M\u00d3VIL PARA EQUIPAR 200 PATRULLEROS, con destino a atender necesidades del Ministerio de Seguridad, seg\u00fan Pliego de Bases y Condiciones Generales de orden 15, Pliego de Condiciones Particulares y Pliego de Especificaciones T\u00e9cnicas de orden 16 y Solicitud de Contrataci\u00f3n\/Requerimiento N\u00b0 11606-122-SCO23 de orden 31, por un monto total de PESOS CUATROCIENTOS OCHO MILLONES NOVECIENTOS SESENTA MIL CON 00\/100 ($ 408.960.000,00)<\/em>\u201d<\/strong>, se\u00f1ala el decreto 1721 del Bolet\u00edn Oficial de la provincia.<\/p>\n<p>Sumado a esta compra, en lo que va del a\u00f1o el Ejecutivo provincial ha equipado a la Polic\u00eda de Mendoza con 84 camionetas, 107 autos, 50 motos y 313 bicicletas. A su vez, han nombrado a m\u00e1s de 370 efectivos policiales en toda la provincia.<\/p>\n<p>A su vez, a principios de agosto anunci\u00f3 la actualizaci\u00f3n de la plataforma de emergencia 911 por un monto superior a los 3 millones de d\u00f3lares.<\/p>\n","protected":false},"excerpt":{"rendered":"<p>La compra fue publicada en el Bolet\u00edn Oficial y tendr\u00e1 una inversi\u00f3n de casi 409 millones de pesos. A trav\u00e9s del &#8230;<\/p>\n","protected":false},"author":7,"featured_media":125760,"comment_status":"open","ping_status":"open","sticky":false,"template":"","format":"standard","meta":{"footnotes":""},"categories":[5,10],"tags":[],"class_list":["post-125759","post","type-post","status-publish","format-standard","has-post-thumbnail","hentry","category-actualidad","category-destacadas"],"_links":{"self":[{"href":"https:\/\/vinasfm.com\/noticias\/wp-json\/wp\/v2\/posts\/125759","targetHints":{"allow":["GET"]}}],"collection":[{"href":"https:\/\/vinasfm.com\/noticias\/wp-json\/wp\/v2\/posts"}],"about":[{"href":"https:\/\/vinasfm.com\/noticias\/wp-json\/wp\/v2\/types\/post"}],"author":[{"embeddable":true,"href":"https:\/\/vinasfm.com\/noticias\/wp-json\/wp\/v2\/users\/7"}],"replies":[{"embeddable":true,"href":"https:\/\/vinasfm.com\/noticias\/wp-json\/wp\/v2\/comments?post=125759"}],"version-history":[{"count":1,"href":"https:\/\/vinasfm.com\/noticias\/wp-json\/wp\/v2\/posts\/125759\/revisions"}],"predecessor-version":[{"id":125761,"href":"https:\/\/vinasfm.com\/noticias\/wp-json\/wp\/v2\/posts\/125759\/revisions\/125761"}],"wp:featuredmedia":[{"embeddable":true,"href":"https:\/\/vinasfm.com\/noticias\/wp-json\/wp\/v2\/media\/125760"}],"wp:attachment":[{"href":"https:\/\/vinasfm.com\/noticias\/wp-json\/wp\/v2\/media?parent=125759"}],"wp:term":[{"taxonomy":"category","embeddable":true,"href":"https:\/\/vinasfm.com\/noticias\/wp-json\/wp\/v2\/categories?post=125759"},{"taxonomy":"post_tag","embeddable":true,"href":"https:\/\/vinasfm.com\/noticias\/wp-json\/wp\/v2\/tags?post=125759"}],"curies":[{"name":"wp","href":"https:\/\/api.w.org\/{rel}","templated":true}]}}