{"id":125733,"date":"2023-08-18T09:45:46","date_gmt":"2023-08-18T12:45:46","guid":{"rendered":"https:\/\/vinasfm.com\/noticias\/?p=125733"},"modified":"2023-08-21T20:42:01","modified_gmt":"2023-08-21T23:42:01","slug":"el-km0-fue-el-punto-de-encuentro-para-homenajear-al-general-san-martin","status":"publish","type":"post","link":"https:\/\/vinasfm.com\/noticias\/el-km0-fue-el-punto-de-encuentro-para-homenajear-al-general-san-martin\/","title":{"rendered":"EL KM 0 FUE EL PUNTO DE ENCUENTRO PARA HOMENAJEAR AL GENERAL SAN MART\u00cdN"},"content":{"rendered":"<p><strong>A 173 a\u00f1os del paso a la inmortalidad del General Don Jos\u00e9 de San Mart\u00edn, recordamos frente al monumento en su honor, su gran gesta y su legado de patriotismo.<\/strong><\/p>\n<p>Este nuevo aniversario fue acompa\u00f1ado por m\u00e1s de 400 alumnos de escuelas primarias, quienes juraron lealtad a la bandera de la provincia de Mendoza.<\/p>\n<p><img loading=\"lazy\" decoding=\"async\" class=\"\" src=\"https:\/\/scontent.fcor13-1.fna.fbcdn.net\/v\/t39.30808-6\/368033323_601236625539946_3140466060231055914_n.jpg?_nc_cat=104&amp;ccb=1-7&amp;_nc_sid=8bfeb9&amp;_nc_ohc=eeO9f8WjVCUAX95Zcs-&amp;_nc_ht=scontent.fcor13-1.fna&amp;oh=00_AfDzegGZ9yr5OQMiImC3ZEs1FM8yYUz9CK6ey6lsD-DN9w&amp;oe=64E39898\" alt=\"Puede ser una imagen de una o varias personas, hospital y multitud\" width=\"355\" height=\"237\" \/> <img loading=\"lazy\" decoding=\"async\" class=\"\" src=\"https:\/\/scontent.fcor13-2.fna.fbcdn.net\/v\/t39.30808-6\/368030770_601236855539923_848026154429088077_n.jpg?_nc_cat=107&amp;ccb=1-7&amp;_nc_sid=8bfeb9&amp;_nc_ohc=ydQu1RWBeD0AX_F7sZx&amp;_nc_ht=scontent.fcor13-2.fna&amp;oh=00_AfAIougDonclNvxpzpR2eUKAMNCW09wba8EI16UTKP7Q7w&amp;oe=64E3C79F\" alt=\"Puede ser una imagen de 1 persona y texto que dice &quot;LEGE&quot;\" width=\"356\" height=\"237\" \/><\/p>\n<p>Ante distintas autoridades locales, provinciales, docentes, directivos y alumnos de escuelas alvearenses, el Sr. Intendente Walther Marcolini dedic\u00f3 unas c\u00e1lidas palabras: <strong><em>\u201cJos\u00e9 Francisco de San Mart\u00edn y Matorras\u200b naci\u00f3 el 25 de febrero de 1778 en Yapey\u00fa, form\u00f3 su carrera militar en Europa y regres\u00f3 transformado en un excelente estratega\u201d.<\/em><\/strong><\/p>\n<p>Marcolini continu\u00f3, <strong><em>\u201cEstamos reunidos para conmemorar y celebrar a un hombre excepcional. Gobern\u00f3 la Intendencia de Cuyo y se convirti\u00f3 en un gran transformador y gestionador. Organiz\u00f3 la epopeya del cruce de Los Andes, quiz\u00e1 la gesta m\u00e1s grande que lleva a darle la libertad a las Provincias Unidas del R\u00edo de La Plata, Chile y Per\u00fa\u201c.<\/em><\/strong><\/p>\n<p><img loading=\"lazy\" decoding=\"async\" class=\"\" src=\"https:\/\/scontent.fcor13-1.fna.fbcdn.net\/v\/t39.30808-6\/368033499_601236605539948_6798943815218804014_n.jpg?_nc_cat=104&amp;ccb=1-7&amp;_nc_sid=8bfeb9&amp;_nc_ohc=2y2w3jog648AX-JeRno&amp;_nc_ht=scontent.fcor13-1.fna&amp;oh=00_AfAzsQXWbPQWpQYpQES4Mfpnsc9QVr-A1U1JWwhSBtf20Q&amp;oe=64E482A7\" alt=\"Puede ser una imagen de 5 personas\" width=\"355\" height=\"237\" \/> <img loading=\"lazy\" decoding=\"async\" class=\"\" src=\"https:\/\/scontent.fcor13-2.fna.fbcdn.net\/v\/t39.30808-6\/368031179_601236808873261_3493285633745709425_n.jpg?_nc_cat=103&amp;ccb=1-7&amp;_nc_sid=8bfeb9&amp;_nc_ohc=9YtGQn2AVJsAX8rf823&amp;_nc_ht=scontent.fcor13-2.fna&amp;oh=00_AfAtVKpw-fjHaoCvoPEox7dXJFfXOoN5_EwYz2m2OX4c0w&amp;oe=64E3E695\" alt=\"Puede ser una imagen de 7 personas, multitud y texto\" width=\"355\" height=\"237\" \/><\/p>\n<p><strong><em>\u201cCon tan solo 45 a\u00f1os, viudo y con su hija Mercedes, emprendi\u00f3 el exilio en 1824. Cuando lleg\u00f3 a Francia no lo quisieron porque era peligrosa una persona que pensaba en la libertad, la independencia y el liberalismo. En 1829 toma la decisi\u00f3n de regresar a Buenos Aires y no lo dejan bajar del barco, le expres\u00f3 a Lavalle <\/em><\/strong><strong>\u2018No <em>desenvainare mi espada<\/em>\u00a0contra mis paisanos\u2019, <em>y retorn\u00f3 definitivamente al exilio\u201d. <\/em><\/strong><\/p>\n<p>En sus \u00faltimos 20 a\u00f1os de vida trabaj\u00f3 incasablemente por la independencia. <strong><em>\u201cEn aquella lejana \u00a0<\/em><\/strong><strong><em>Boulogne-sur-Mer, a los 72 a\u00f1os, un 17 de agosto parti\u00f3 ese hombre hab\u00eda sido despreciado por su propia tierra\u201d. <\/em><\/strong><\/p>\n<p><strong>\u201cLos h\u00e9roes no eran de de bronce, eran de carne y hueso, personas con aciertos y errores. San Mart\u00edn fue un hombre excepcional que entreg\u00f3 su vida por su pa\u00eds, es por eso que sigue siendo el m\u00e1ximo l\u00edder y hoy merece que le rindamos este homenaje\u201d,<\/strong> concluy\u00f3 el Sr. Intendente Walther Marcolini.<\/p>\n<p><img loading=\"lazy\" decoding=\"async\" class=\"aligncenter\" src=\"https:\/\/scontent.fcor13-1.fna.fbcdn.net\/v\/t39.30808-6\/368032584_601236935539915_6079738215488104871_n.jpg?_nc_cat=101&amp;ccb=1-7&amp;_nc_sid=8bfeb9&amp;_nc_ohc=HZwfNxdJ3S8AX88bbO-&amp;_nc_ht=scontent.fcor13-1.fna&amp;oh=00_AfAiUZSeIJaLaur8X0LnM27Duniv7TxCCJrlc7oKnEt9lA&amp;oe=64E473E6\" alt=\"Puede ser una imagen de 16 personas y monumento\" width=\"500\" height=\"333\" \/><\/p>\n<h2><\/h2>\n<h2>LOS RESTOS DEL GENERAL JOS\u00c9 DE SAN MART\u00cdN<\/h2>\n<p>Inicialmente, sus restos permanecieron en aquel pa\u00eds europeo y, despu\u00e9s de varios intentos de repatriarlos, el 29 de mayo de 1880, durante la presidencia de Nicol\u00e1s Avellaneda, fueron depositados en\u00a0la Capilla Nuestra Se\u00f1ora de la Paz, ubicada en la Catedral Metropolitana de Buenos Aires.<\/p>\n<p>Los restos de San Mart\u00edn se encuentran rodeados de tres esculturas femeninas, que representan a cada uno de los pa\u00edses que \u00e9ste liber\u00f3: Argentina, Chile y Per\u00fa. Junto a \u00e9l se hallan las urnas con los restos de los generales Juan Gregorio Las Heras y Tom\u00e1s Guido y los del Soldado Desconocido de la Independencia.<\/p>\n<p><img loading=\"lazy\" decoding=\"async\" class=\"\" src=\"https:\/\/www.diariodecultura.com.ar\/wp-content\/uploads\/2020\/08\/Gral-San-Martin.jpg\" alt=\"Por qu\u00e9 el f\u00e9retro de San Mart\u00edn est\u00e1 inclinado: la leyenda mas\u00f3nica y los testimonios en los documentos hist\u00f3ricos | Diario de Cultura\" width=\"493\" height=\"264\" \/> <a href=\"https:\/\/vinasfm.com\/noticias\/wp-content\/uploads\/2023\/08\/Jose_de_San_Martin_retrato_c.1828.jpg\"><img loading=\"lazy\" decoding=\"async\" class=\"alignnone wp-image-125746\" src=\"https:\/\/vinasfm.com\/noticias\/wp-content\/uploads\/2023\/08\/Jose_de_San_Martin_retrato_c.1828-229x300.jpg\" alt=\"\" width=\"203\" height=\"266\" srcset=\"https:\/\/vinasfm.com\/noticias\/wp-content\/uploads\/2023\/08\/Jose_de_San_Martin_retrato_c.1828-229x300.jpg 229w, https:\/\/vinasfm.com\/noticias\/wp-content\/uploads\/2023\/08\/Jose_de_San_Martin_retrato_c.1828-781x1024.jpg 781w, https:\/\/vinasfm.com\/noticias\/wp-content\/uploads\/2023\/08\/Jose_de_San_Martin_retrato_c.1828-768x1008.jpg 768w, https:\/\/vinasfm.com\/noticias\/wp-content\/uploads\/2023\/08\/Jose_de_San_Martin_retrato_c.1828-1171x1536.jpg 1171w, https:\/\/vinasfm.com\/noticias\/wp-content\/uploads\/2023\/08\/Jose_de_San_Martin_retrato_c.1828.jpg 1199w\" sizes=\"auto, (max-width: 203px) 100vw, 203px\" \/><\/a><\/p>\n","protected":false},"excerpt":{"rendered":"<p>A 173 a\u00f1os del paso a la inmortalidad del General Don Jos\u00e9 de San Mart\u00edn, recordamos frente al monumento en su &#8230;<\/p>\n","protected":false},"author":7,"featured_media":125747,"comment_status":"open","ping_status":"open","sticky":false,"template":"","format":"standard","meta":{"footnotes":""},"categories":[5,10],"tags":[],"class_list":["post-125733","post","type-post","status-publish","format-standard","has-post-thumbnail","hentry","category-actualidad","category-destacadas"],"_links":{"self":[{"href":"https:\/\/vinasfm.com\/noticias\/wp-json\/wp\/v2\/posts\/125733","targetHints":{"allow":["GET"]}}],"collection":[{"href":"https:\/\/vinasfm.com\/noticias\/wp-json\/wp\/v2\/posts"}],"about":[{"href":"https:\/\/vinasfm.com\/noticias\/wp-json\/wp\/v2\/types\/post"}],"author":[{"embeddable":true,"href":"https:\/\/vinasfm.com\/noticias\/wp-json\/wp\/v2\/users\/7"}],"replies":[{"embeddable":true,"href":"https:\/\/vinasfm.com\/noticias\/wp-json\/wp\/v2\/comments?post=125733"}],"version-history":[{"count":5,"href":"https:\/\/vinasfm.com\/noticias\/wp-json\/wp\/v2\/posts\/125733\/revisions"}],"predecessor-version":[{"id":125758,"href":"https:\/\/vinasfm.com\/noticias\/wp-json\/wp\/v2\/posts\/125733\/revisions\/125758"}],"wp:featuredmedia":[{"embeddable":true,"href":"https:\/\/vinasfm.com\/noticias\/wp-json\/wp\/v2\/media\/125747"}],"wp:attachment":[{"href":"https:\/\/vinasfm.com\/noticias\/wp-json\/wp\/v2\/media?parent=125733"}],"wp:term":[{"taxonomy":"category","embeddable":true,"href":"https:\/\/vinasfm.com\/noticias\/wp-json\/wp\/v2\/categories?post=125733"},{"taxonomy":"post_tag","embeddable":true,"href":"https:\/\/vinasfm.com\/noticias\/wp-json\/wp\/v2\/tags?post=125733"}],"curies":[{"name":"wp","href":"https:\/\/api.w.org\/{rel}","templated":true}]}}