{"id":125620,"date":"2023-08-16T08:30:34","date_gmt":"2023-08-16T11:30:34","guid":{"rendered":"https:\/\/vinasfm.com\/noticias\/?p=125620"},"modified":"2023-08-16T11:18:47","modified_gmt":"2023-08-16T14:18:47","slug":"efectivos-policiales-detuvieron-a-un-ladron-en-pleno-acto","status":"publish","type":"post","link":"https:\/\/vinasfm.com\/noticias\/efectivos-policiales-detuvieron-a-un-ladron-en-pleno-acto\/","title":{"rendered":"EFECTIVOS POLICIALES DETUVIERON A UN LADR\u00d3N EN PLENO ACTO"},"content":{"rendered":"<p><strong>El hecho se produjo en la madrugada de este mi\u00e9rcoles, siendo las 02:00 horas aproximadamente, cuando personal policial se encontraba patrullando por inmediaciones de calle Pedro Goyena al 50.<\/strong><\/p>\n<p>En el lugar entrevistan a u<strong>na vecina la que cual refiere haber sentido ruidos en el interior de un taller de su propiedad<\/strong>, por lo que ingresa personal policial juntamente con la v\u00edctima <strong>procediendo a la aprehensi\u00f3n de un sujeto mayor de edad, el cual hab\u00eda ingresado con fines delictivos intentando elementos del interior del inmueble.<\/strong><\/p>\n","protected":false},"excerpt":{"rendered":"<p>El hecho se produjo en la madrugada de este mi\u00e9rcoles, siendo las 02:00 horas aproximadamente, cuando personal policial se encontraba patrullando &#8230;<\/p>\n","protected":false},"author":7,"featured_media":125621,"comment_status":"open","ping_status":"open","sticky":false,"template":"","format":"standard","meta":{"footnotes":""},"categories":[5,4],"tags":[],"class_list":["post-125620","post","type-post","status-publish","format-standard","has-post-thumbnail","hentry","category-actualidad","category-policiales"],"_links":{"self":[{"href":"https:\/\/vinasfm.com\/noticias\/wp-json\/wp\/v2\/posts\/125620","targetHints":{"allow":["GET"]}}],"collection":[{"href":"https:\/\/vinasfm.com\/noticias\/wp-json\/wp\/v2\/posts"}],"about":[{"href":"https:\/\/vinasfm.com\/noticias\/wp-json\/wp\/v2\/types\/post"}],"author":[{"embeddable":true,"href":"https:\/\/vinasfm.com\/noticias\/wp-json\/wp\/v2\/users\/7"}],"replies":[{"embeddable":true,"href":"https:\/\/vinasfm.com\/noticias\/wp-json\/wp\/v2\/comments?post=125620"}],"version-history":[{"count":2,"href":"https:\/\/vinasfm.com\/noticias\/wp-json\/wp\/v2\/posts\/125620\/revisions"}],"predecessor-version":[{"id":125658,"href":"https:\/\/vinasfm.com\/noticias\/wp-json\/wp\/v2\/posts\/125620\/revisions\/125658"}],"wp:featuredmedia":[{"embeddable":true,"href":"https:\/\/vinasfm.com\/noticias\/wp-json\/wp\/v2\/media\/125621"}],"wp:attachment":[{"href":"https:\/\/vinasfm.com\/noticias\/wp-json\/wp\/v2\/media?parent=125620"}],"wp:term":[{"taxonomy":"category","embeddable":true,"href":"https:\/\/vinasfm.com\/noticias\/wp-json\/wp\/v2\/categories?post=125620"},{"taxonomy":"post_tag","embeddable":true,"href":"https:\/\/vinasfm.com\/noticias\/wp-json\/wp\/v2\/tags?post=125620"}],"curies":[{"name":"wp","href":"https:\/\/api.w.org\/{rel}","templated":true}]}}