{"id":125615,"date":"2023-08-15T20:34:45","date_gmt":"2023-08-15T23:34:45","guid":{"rendered":"https:\/\/vinasfm.com\/noticias\/?p=125615"},"modified":"2023-08-16T10:52:28","modified_gmt":"2023-08-16T13:52:28","slug":"el-municipio-hizo-entrega-de-estacas-de-arboles-y-forestales","status":"publish","type":"post","link":"https:\/\/vinasfm.com\/noticias\/el-municipio-hizo-entrega-de-estacas-de-arboles-y-forestales\/","title":{"rendered":"EL MUNICIPIO HIZO ENTREGA DE ESTACAS DE \u00c1RBOLES Y FORESTALES"},"content":{"rendered":"<p><strong>En la ma\u00f1ana de este martes, desde el Vivero Municipal se realiz\u00f3 la entrega de aproximadamente 38 mil estacas. \u00a0<\/strong><\/p>\n<p><span data-contrast=\"auto\">Denis Rabanal, Director de Gesti\u00f3n Ambiental, explic\u00f3 que <\/span><b><i><span data-contrast=\"auto\">\u201cse realiz\u00f3 la entre de forestales, tanto de \u00e1lamos como de casuarinas\u201d<\/span><\/i><\/b><span data-contrast=\"auto\">, adem\u00e1s se\u00f1al\u00f3 que <\/span><b><i><span data-contrast=\"auto\">\u201cse hizo entrega de arbolado a 15 instituciones del departamento que han solicitado plantas para sus predios\u201d. <\/span><\/i><\/b><span data-ccp-props=\"{&quot;201341983&quot;:0,&quot;335559739&quot;:160,&quot;335559740&quot;:259}\">\u00a0<\/span><\/p>\n<p><span data-contrast=\"auto\">Rabanal tambi\u00e9n remarc\u00f3 que han tenido <\/span><b><i><span data-contrast=\"auto\">\u201cpocos inscriptos para acceder al arbolado p\u00fablico, siendo solo 129 pedidos entregados; teniendo en cuenta que desde Servicios P\u00fablicos tambi\u00e9n se est\u00e1 realizando la plantaci\u00f3n de arbolado p\u00fablico\u201d.<\/span><\/i><\/b><span data-contrast=\"auto\"> Esta baja cifra es preocupante ya que por a\u00f1o hay aproximadamente 100 erradicaciones autorizadas, con el compromiso de realizar una replantaci\u00f3n. <\/span><span data-ccp-props=\"{&quot;201341983&quot;:0,&quot;335559739&quot;:160,&quot;335559740&quot;:259}\">\u00a0<\/span><\/p>\n<p><img loading=\"lazy\" decoding=\"async\" class=\"\" src=\"https:\/\/scontent.fcor13-1.fna.fbcdn.net\/v\/t39.30808-6\/367975141_600207275642881_7779192198842980839_n.jpg?_nc_cat=106&amp;ccb=1-7&amp;_nc_sid=8bfeb9&amp;_nc_eui2=AeFOHMMZ3DHvbVTNCX9510PdXfEIHO0PS_hd8Qgc7Q9L-BTbuaC4kXXJRLXjx6pm5wPzhNPttMBwi-nZmKHAfblm&amp;_nc_ohc=G_tsguFXjcoAX97R9Eu&amp;_nc_ht=scontent.fcor13-1.fna&amp;oh=00_AfBPKnGYBBFrNNDNykpBtX5fNag69LumaFFwmcy7jOqP3A&amp;oe=64E20453\" alt=\"Puede ser una imagen de c\u00e9sped y \u00e1rbol\" width=\"350\" height=\"197\" \/> <img loading=\"lazy\" decoding=\"async\" class=\"\" src=\"https:\/\/scontent.fcor13-2.fna.fbcdn.net\/v\/t39.30808-6\/367751148_600207408976201_1362788113667781035_n.jpg?_nc_cat=102&amp;ccb=1-7&amp;_nc_sid=8bfeb9&amp;_nc_eui2=AeEgoCyihpPnJLqPA8fxtiYBJmMqOE7XphUmYyo4TtemFaUgmlZLTTu6M_EwUPyRTHqGbdkkCwbjx-XevPbH-nft&amp;_nc_ohc=b5ILGQIMJDUAX9CxRgP&amp;_nc_ht=scontent.fcor13-2.fna&amp;oh=00_AfCcCXhsBxR_elXCoJmWaJeKIdgHsL4a7_eLC4W3pJgdng&amp;oe=64E14427\" alt=\"Puede ser una imagen de maderera\" width=\"350\" height=\"197\" \/><\/p>\n<p>Por su parte, el Coordinador de Recursos Naturales de Mendoza en Alvear, Juan Jos\u00e9 \u201cLito\u201d Ponzina dijo: <em><strong>\u201cHicimos un acuerdo con Servicios P\u00fablicos, ellos colocar\u00e1n 200 forestales en el centro, m\u00e1s 50 pl\u00e1tanos que se colocar\u00e1n en la diagonal. Adem\u00e1s hicimos un acuerdo con frentistas\u201d.<\/strong><\/em><\/p>\n<p><span data-contrast=\"auto\">Es de destacar que la producci\u00f3n de casuarinas es local, as\u00ed como tambi\u00e9n parte de los \u00e1lamos. <\/span><span data-ccp-props=\"{&quot;201341983&quot;:0,&quot;335559739&quot;:160,&quot;335559740&quot;:259}\">\u00a0<\/span><\/p>\n<h2><span data-contrast=\"auto\">Parquizado <\/span><span data-ccp-props=\"{&quot;201341983&quot;:0,&quot;335559739&quot;:160,&quot;335559740&quot;:259}\">\u00a0<\/span><\/h2>\n<p><span data-contrast=\"auto\">Denis Rabanal adelant\u00f3 que la pr\u00f3xima semana se realizar\u00e1 la entrega de arbolado para parquizado, quienes deseen acceder a la entrega tendr\u00e1n tiempo de inscribirse hasta este viernes en las oficinas de la Direcci\u00f3n de Gesti\u00f3n Ambiental.<\/span><span data-ccp-props=\"{&quot;201341983&quot;:0,&quot;335559739&quot;:160,&quot;335559740&quot;:259}\">\u00a0<\/span><\/p>\n","protected":false},"excerpt":{"rendered":"<p>En la ma\u00f1ana de este martes, desde el Vivero Municipal se realiz\u00f3 la entrega de aproximadamente 38 mil estacas. \u00a0 Denis &#8230;<\/p>\n","protected":false},"author":7,"featured_media":125616,"comment_status":"open","ping_status":"open","sticky":false,"template":"","format":"standard","meta":{"footnotes":""},"categories":[5,192],"tags":[],"class_list":["post-125615","post","type-post","status-publish","format-standard","has-post-thumbnail","hentry","category-actualidad","category-gestion-ambiental"],"_links":{"self":[{"href":"https:\/\/vinasfm.com\/noticias\/wp-json\/wp\/v2\/posts\/125615","targetHints":{"allow":["GET"]}}],"collection":[{"href":"https:\/\/vinasfm.com\/noticias\/wp-json\/wp\/v2\/posts"}],"about":[{"href":"https:\/\/vinasfm.com\/noticias\/wp-json\/wp\/v2\/types\/post"}],"author":[{"embeddable":true,"href":"https:\/\/vinasfm.com\/noticias\/wp-json\/wp\/v2\/users\/7"}],"replies":[{"embeddable":true,"href":"https:\/\/vinasfm.com\/noticias\/wp-json\/wp\/v2\/comments?post=125615"}],"version-history":[{"count":3,"href":"https:\/\/vinasfm.com\/noticias\/wp-json\/wp\/v2\/posts\/125615\/revisions"}],"predecessor-version":[{"id":125635,"href":"https:\/\/vinasfm.com\/noticias\/wp-json\/wp\/v2\/posts\/125615\/revisions\/125635"}],"wp:featuredmedia":[{"embeddable":true,"href":"https:\/\/vinasfm.com\/noticias\/wp-json\/wp\/v2\/media\/125616"}],"wp:attachment":[{"href":"https:\/\/vinasfm.com\/noticias\/wp-json\/wp\/v2\/media?parent=125615"}],"wp:term":[{"taxonomy":"category","embeddable":true,"href":"https:\/\/vinasfm.com\/noticias\/wp-json\/wp\/v2\/categories?post=125615"},{"taxonomy":"post_tag","embeddable":true,"href":"https:\/\/vinasfm.com\/noticias\/wp-json\/wp\/v2\/tags?post=125615"}],"curies":[{"name":"wp","href":"https:\/\/api.w.org\/{rel}","templated":true}]}}