{"id":125587,"date":"2023-08-14T13:41:26","date_gmt":"2023-08-14T16:41:26","guid":{"rendered":"https:\/\/vinasfm.com\/noticias\/?p=125587"},"modified":"2023-08-15T10:18:28","modified_gmt":"2023-08-15T13:18:28","slug":"un-taxi-y-una-camioneta-colisionaron-en-la-interseccion-de-av-alvear-oeste-y-calle-pedro-molina","status":"publish","type":"post","link":"https:\/\/vinasfm.com\/noticias\/un-taxi-y-una-camioneta-colisionaron-en-la-interseccion-de-av-alvear-oeste-y-calle-pedro-molina\/","title":{"rendered":"UN TAXI Y UNA CAMIONETA COLISIONARON EN LA INTERSECCI\u00d3N DE AV. ALVEAR OESTE Y CALLE PEDRO MOLINA"},"content":{"rendered":"<p><strong>El hecho sucedi\u00f3 cerca del mediod\u00eda del lunes<\/strong><\/p>\n<p>El taxi circulaba por la Av. Alvear Oeste hacia el este, mientras que la camioneta cruzaba la Avenida, por Pedro Molina, de sur a norte.<\/p>\n<p>El conductor del taxi fue trasladado al hospital Enfermeros Argentinos con algunos golpes, no llevaba pasajeros. El conductor de la camioneta no sufri\u00f3 lesiones.<\/p>\n<p><a href=\"https:\/\/vinasfm.com\/noticias\/wp-content\/uploads\/2023\/08\/b148c1da-39f8-4cd8-9709-1ee9c8b6e266.jpg\"><img loading=\"lazy\" decoding=\"async\" class=\"alignnone wp-image-125588\" src=\"https:\/\/vinasfm.com\/noticias\/wp-content\/uploads\/2023\/08\/b148c1da-39f8-4cd8-9709-1ee9c8b6e266-576x1024.jpg\" alt=\"\" width=\"355\" height=\"631\" srcset=\"https:\/\/vinasfm.com\/noticias\/wp-content\/uploads\/2023\/08\/b148c1da-39f8-4cd8-9709-1ee9c8b6e266-576x1024.jpg 576w, https:\/\/vinasfm.com\/noticias\/wp-content\/uploads\/2023\/08\/b148c1da-39f8-4cd8-9709-1ee9c8b6e266-169x300.jpg 169w, https:\/\/vinasfm.com\/noticias\/wp-content\/uploads\/2023\/08\/b148c1da-39f8-4cd8-9709-1ee9c8b6e266-768x1366.jpg 768w, https:\/\/vinasfm.com\/noticias\/wp-content\/uploads\/2023\/08\/b148c1da-39f8-4cd8-9709-1ee9c8b6e266-864x1536.jpg 864w, https:\/\/vinasfm.com\/noticias\/wp-content\/uploads\/2023\/08\/b148c1da-39f8-4cd8-9709-1ee9c8b6e266.jpg 899w\" sizes=\"auto, (max-width: 355px) 100vw, 355px\" \/><\/a> <a href=\"https:\/\/vinasfm.com\/noticias\/wp-content\/uploads\/2023\/08\/d5612e61-9350-4a55-9e63-eb763d865e3c.jpg\"><img loading=\"lazy\" decoding=\"async\" class=\"alignnone wp-image-125589\" src=\"https:\/\/vinasfm.com\/noticias\/wp-content\/uploads\/2023\/08\/d5612e61-9350-4a55-9e63-eb763d865e3c-576x1024.jpg\" alt=\"\" width=\"355\" height=\"631\" srcset=\"https:\/\/vinasfm.com\/noticias\/wp-content\/uploads\/2023\/08\/d5612e61-9350-4a55-9e63-eb763d865e3c-576x1024.jpg 576w, https:\/\/vinasfm.com\/noticias\/wp-content\/uploads\/2023\/08\/d5612e61-9350-4a55-9e63-eb763d865e3c-169x300.jpg 169w, https:\/\/vinasfm.com\/noticias\/wp-content\/uploads\/2023\/08\/d5612e61-9350-4a55-9e63-eb763d865e3c-768x1366.jpg 768w, https:\/\/vinasfm.com\/noticias\/wp-content\/uploads\/2023\/08\/d5612e61-9350-4a55-9e63-eb763d865e3c-864x1536.jpg 864w, https:\/\/vinasfm.com\/noticias\/wp-content\/uploads\/2023\/08\/d5612e61-9350-4a55-9e63-eb763d865e3c.jpg 899w\" sizes=\"auto, (max-width: 355px) 100vw, 355px\" \/><\/a><\/p>\n","protected":false},"excerpt":{"rendered":"<p>El hecho sucedi\u00f3 cerca del mediod\u00eda del lunes El taxi circulaba por la Av. Alvear Oeste hacia el este, mientras que &#8230;<\/p>\n","protected":false},"author":7,"featured_media":125590,"comment_status":"open","ping_status":"open","sticky":false,"template":"","format":"standard","meta":{"footnotes":""},"categories":[5,184],"tags":[],"class_list":["post-125587","post","type-post","status-publish","format-standard","has-post-thumbnail","hentry","category-actualidad","category-siniestro-vial"],"_links":{"self":[{"href":"https:\/\/vinasfm.com\/noticias\/wp-json\/wp\/v2\/posts\/125587","targetHints":{"allow":["GET"]}}],"collection":[{"href":"https:\/\/vinasfm.com\/noticias\/wp-json\/wp\/v2\/posts"}],"about":[{"href":"https:\/\/vinasfm.com\/noticias\/wp-json\/wp\/v2\/types\/post"}],"author":[{"embeddable":true,"href":"https:\/\/vinasfm.com\/noticias\/wp-json\/wp\/v2\/users\/7"}],"replies":[{"embeddable":true,"href":"https:\/\/vinasfm.com\/noticias\/wp-json\/wp\/v2\/comments?post=125587"}],"version-history":[{"count":2,"href":"https:\/\/vinasfm.com\/noticias\/wp-json\/wp\/v2\/posts\/125587\/revisions"}],"predecessor-version":[{"id":125609,"href":"https:\/\/vinasfm.com\/noticias\/wp-json\/wp\/v2\/posts\/125587\/revisions\/125609"}],"wp:featuredmedia":[{"embeddable":true,"href":"https:\/\/vinasfm.com\/noticias\/wp-json\/wp\/v2\/media\/125590"}],"wp:attachment":[{"href":"https:\/\/vinasfm.com\/noticias\/wp-json\/wp\/v2\/media?parent=125587"}],"wp:term":[{"taxonomy":"category","embeddable":true,"href":"https:\/\/vinasfm.com\/noticias\/wp-json\/wp\/v2\/categories?post=125587"},{"taxonomy":"post_tag","embeddable":true,"href":"https:\/\/vinasfm.com\/noticias\/wp-json\/wp\/v2\/tags?post=125587"}],"curies":[{"name":"wp","href":"https:\/\/api.w.org\/{rel}","templated":true}]}}