{"id":125584,"date":"2023-08-15T08:40:25","date_gmt":"2023-08-15T11:40:25","guid":{"rendered":"https:\/\/vinasfm.com\/noticias\/?p=125584"},"modified":"2023-08-16T09:11:27","modified_gmt":"2023-08-16T12:11:27","slug":"un-vehiculo-se-vio-afectado-por-el-fuego-en-la-tarde-del-lunes","status":"publish","type":"post","link":"https:\/\/vinasfm.com\/noticias\/un-vehiculo-se-vio-afectado-por-el-fuego-en-la-tarde-del-lunes\/","title":{"rendered":"UN VEH\u00cdCULO SE VIO AFECTADO POR EL FUEGO EN LA TARDE DEL LUNES"},"content":{"rendered":"<p><strong>El d\u00eda lunes, siendo la hora 15:50 aproximadamente, se toma conocimiento a trav\u00e9s de un llamado al 911 que en calle Corrientes al 830 se estar\u00eda incendiando un veh\u00edculo. <\/strong><\/p>\n<p>Arriba el personal policial constatando que efectivamente una <strong>Renault Kangoo se estaba incendiando<\/strong> en la parte del motor. Al lugar arriban bomberos, quienes terminan por extinguir el siniestro constat\u00e1ndose <strong>una afectaci\u00f3n total en la zona del motor y da\u00f1os en el capot y parte interna y externa del rodado.<\/strong><\/p>\n","protected":false},"excerpt":{"rendered":"<p>El d\u00eda lunes, siendo la hora 15:50 aproximadamente, se toma conocimiento a trav\u00e9s de un llamado al 911 que en calle &#8230;<\/p>\n","protected":false},"author":7,"featured_media":125585,"comment_status":"open","ping_status":"open","sticky":false,"template":"","format":"standard","meta":{"footnotes":""},"categories":[5,4],"tags":[],"class_list":["post-125584","post","type-post","status-publish","format-standard","has-post-thumbnail","hentry","category-actualidad","category-policiales"],"_links":{"self":[{"href":"https:\/\/vinasfm.com\/noticias\/wp-json\/wp\/v2\/posts\/125584","targetHints":{"allow":["GET"]}}],"collection":[{"href":"https:\/\/vinasfm.com\/noticias\/wp-json\/wp\/v2\/posts"}],"about":[{"href":"https:\/\/vinasfm.com\/noticias\/wp-json\/wp\/v2\/types\/post"}],"author":[{"embeddable":true,"href":"https:\/\/vinasfm.com\/noticias\/wp-json\/wp\/v2\/users\/7"}],"replies":[{"embeddable":true,"href":"https:\/\/vinasfm.com\/noticias\/wp-json\/wp\/v2\/comments?post=125584"}],"version-history":[{"count":2,"href":"https:\/\/vinasfm.com\/noticias\/wp-json\/wp\/v2\/posts\/125584\/revisions"}],"predecessor-version":[{"id":125632,"href":"https:\/\/vinasfm.com\/noticias\/wp-json\/wp\/v2\/posts\/125584\/revisions\/125632"}],"wp:featuredmedia":[{"embeddable":true,"href":"https:\/\/vinasfm.com\/noticias\/wp-json\/wp\/v2\/media\/125585"}],"wp:attachment":[{"href":"https:\/\/vinasfm.com\/noticias\/wp-json\/wp\/v2\/media?parent=125584"}],"wp:term":[{"taxonomy":"category","embeddable":true,"href":"https:\/\/vinasfm.com\/noticias\/wp-json\/wp\/v2\/categories?post=125584"},{"taxonomy":"post_tag","embeddable":true,"href":"https:\/\/vinasfm.com\/noticias\/wp-json\/wp\/v2\/tags?post=125584"}],"curies":[{"name":"wp","href":"https:\/\/api.w.org\/{rel}","templated":true}]}}