{"id":125577,"date":"2023-08-14T20:13:55","date_gmt":"2023-08-14T23:13:55","guid":{"rendered":"https:\/\/vinasfm.com\/noticias\/?p=125577"},"modified":"2023-08-15T10:29:17","modified_gmt":"2023-08-15T13:29:17","slug":"vialidad-provincial-trabaja-en-la-ampliacion-de-un-puente-ubicado-en-la-interseccion-de-calles-7-y-g","status":"publish","type":"post","link":"https:\/\/vinasfm.com\/noticias\/vialidad-provincial-trabaja-en-la-ampliacion-de-un-puente-ubicado-en-la-interseccion-de-calles-7-y-g\/","title":{"rendered":"VIALIDAD PROVINCIAL TRABAJA EN LA AMPLIACI\u00d3N DE UN PUENTE UBICADO EN LA INTERSECCI\u00d3N DE CALLES 7 Y G"},"content":{"rendered":"<p><strong>La zona ya concentra importantes obras debido a la notable circulaci\u00f3n de carga pesada.<\/strong><\/p>\n<p>El Consejero por la Zona Sur de Vialidad, Victor \u00c1lvarez, explic\u00f3 que la ampliaci\u00f3n del puente <em><strong>\u00abbusca brindar seguridad en la zona\u00bb.<\/strong> <\/em>Seg\u00fan detall\u00f3, la ampliaci\u00f3n es de 3 metros que es lo que permite el perf\u00edl de la calle.<\/p>\n<p>Adem\u00e1s, se\u00f1al\u00f3 que en el lugar <strong><em>\u00abya se han realizado otros trabajos con el objetivo de otorgarle una mayor amplitud a la v\u00eda. Tambi\u00e9n se han colocado nueva luminaria LED en distintos sectores\u00bb.\u00a0<\/em><\/strong><\/p>\n<p><a href=\"https:\/\/vinasfm.com\/noticias\/wp-content\/uploads\/2023\/08\/IMG-20230814-WA0028.jpg\"><img loading=\"lazy\" decoding=\"async\" class=\"alignnone wp-image-125579\" src=\"https:\/\/vinasfm.com\/noticias\/wp-content\/uploads\/2023\/08\/IMG-20230814-WA0028-576x1024.jpg\" alt=\"\" width=\"350\" height=\"622\" srcset=\"https:\/\/vinasfm.com\/noticias\/wp-content\/uploads\/2023\/08\/IMG-20230814-WA0028-576x1024.jpg 576w, https:\/\/vinasfm.com\/noticias\/wp-content\/uploads\/2023\/08\/IMG-20230814-WA0028-169x300.jpg 169w, https:\/\/vinasfm.com\/noticias\/wp-content\/uploads\/2023\/08\/IMG-20230814-WA0028.jpg 720w\" sizes=\"auto, (max-width: 350px) 100vw, 350px\" \/><\/a> <a href=\"https:\/\/vinasfm.com\/noticias\/wp-content\/uploads\/2023\/08\/IMG-20230814-WA0025.jpg\"><img loading=\"lazy\" decoding=\"async\" class=\"alignnone wp-image-125580\" src=\"https:\/\/vinasfm.com\/noticias\/wp-content\/uploads\/2023\/08\/IMG-20230814-WA0025-576x1024.jpg\" alt=\"\" width=\"350\" height=\"622\" srcset=\"https:\/\/vinasfm.com\/noticias\/wp-content\/uploads\/2023\/08\/IMG-20230814-WA0025-576x1024.jpg 576w, https:\/\/vinasfm.com\/noticias\/wp-content\/uploads\/2023\/08\/IMG-20230814-WA0025-169x300.jpg 169w, https:\/\/vinasfm.com\/noticias\/wp-content\/uploads\/2023\/08\/IMG-20230814-WA0025.jpg 720w\" sizes=\"auto, (max-width: 350px) 100vw, 350px\" \/><\/a><\/p>\n<p>\u00c1lvarez especul\u00f3 que la obra<strong><em> \u00abtendr\u00e1 una demora de 30 d\u00edas aproximadamente y, si bien no altera al tr\u00e1nsito, se est\u00e1n tomando todas las precauciones para priorizar la seguridad y no estropear el trabajo\u00bb.<\/em><\/strong><\/p>\n","protected":false},"excerpt":{"rendered":"<p>La zona ya concentra importantes obras debido a la notable circulaci\u00f3n de carga pesada. El Consejero por la Zona Sur de &#8230;<\/p>\n","protected":false},"author":7,"featured_media":125578,"comment_status":"open","ping_status":"open","sticky":false,"template":"","format":"standard","meta":{"footnotes":""},"categories":[5,79],"tags":[],"class_list":["post-125577","post","type-post","status-publish","format-standard","has-post-thumbnail","hentry","category-actualidad","category-vialidad"],"_links":{"self":[{"href":"https:\/\/vinasfm.com\/noticias\/wp-json\/wp\/v2\/posts\/125577","targetHints":{"allow":["GET"]}}],"collection":[{"href":"https:\/\/vinasfm.com\/noticias\/wp-json\/wp\/v2\/posts"}],"about":[{"href":"https:\/\/vinasfm.com\/noticias\/wp-json\/wp\/v2\/types\/post"}],"author":[{"embeddable":true,"href":"https:\/\/vinasfm.com\/noticias\/wp-json\/wp\/v2\/users\/7"}],"replies":[{"embeddable":true,"href":"https:\/\/vinasfm.com\/noticias\/wp-json\/wp\/v2\/comments?post=125577"}],"version-history":[{"count":1,"href":"https:\/\/vinasfm.com\/noticias\/wp-json\/wp\/v2\/posts\/125577\/revisions"}],"predecessor-version":[{"id":125581,"href":"https:\/\/vinasfm.com\/noticias\/wp-json\/wp\/v2\/posts\/125577\/revisions\/125581"}],"wp:featuredmedia":[{"embeddable":true,"href":"https:\/\/vinasfm.com\/noticias\/wp-json\/wp\/v2\/media\/125578"}],"wp:attachment":[{"href":"https:\/\/vinasfm.com\/noticias\/wp-json\/wp\/v2\/media?parent=125577"}],"wp:term":[{"taxonomy":"category","embeddable":true,"href":"https:\/\/vinasfm.com\/noticias\/wp-json\/wp\/v2\/categories?post=125577"},{"taxonomy":"post_tag","embeddable":true,"href":"https:\/\/vinasfm.com\/noticias\/wp-json\/wp\/v2\/tags?post=125577"}],"curies":[{"name":"wp","href":"https:\/\/api.w.org\/{rel}","templated":true}]}}