{"id":125574,"date":"2023-08-14T12:17:03","date_gmt":"2023-08-14T15:17:03","guid":{"rendered":"https:\/\/vinasfm.com\/noticias\/?p=125574"},"modified":"2023-08-15T10:03:02","modified_gmt":"2023-08-15T13:03:02","slug":"el-codigo-unificado-de-construccion-camina-hacia-el-consenso-total","status":"publish","type":"post","link":"https:\/\/vinasfm.com\/noticias\/el-codigo-unificado-de-construccion-camina-hacia-el-consenso-total\/","title":{"rendered":"EL C\u00d3DIGO UNIFICADO DE CONSTRUCCI\u00d3N CAMINA HACIA EL CONSENSO TOTAL"},"content":{"rendered":"<p><strong>El ministro Isgro y la subsecretar\u00eda Gatti se reunieron con profesionales en el Colegio de Agrimensura para mostrar los avances del proyecto que se desarrolla con varios actores que permitir\u00e1 simplificar los tr\u00e1mites previos a la edificaci\u00f3n de una obra.<\/strong><\/p>\n<p>El Gobierno provincial dio un nuevo paso para tener un c\u00f3digo unificado de construcci\u00f3n en Mendoza. Este jueves, la Subsecretar\u00eda de Planificaci\u00f3n del Ministerio de Infraestructura convoc\u00f3 a profesionales t\u00e9cnicos, ingenieros, arquitectos, agrimensores, consejos y representantes de los 18 municipios (14 de manera presencial y 4 v\u00eda conexi\u00f3n digital) para mostrar los avances del proyecto realizado en conjunto y seguir sumando aportes para obtener un documento final que luego sea discutido en la Legislatura. El encuentro tuvo lugar en el Sal\u00f3n de Actos del Colegio de Agrimensura de Mendoza. Acompa\u00f1o la presentaci\u00f3n; Natacha Eisenchlas, Presidenta Provisional del Senado Provincial.<\/p>\n<p><strong><em>\u201cEl documento final sobre el que trabajamos tiene dos ejes principales; uno es el urbano de cada municipio y que seguir\u00e1 siendo aut\u00f3nomo y el otro si es el queremos unificar y es el de construcci\u00f3n y tiene por objetivo dinamizar la revisi\u00f3n de planos, haciendo hincapi\u00e9 sobre todo en el profesional que presenta los trabajos y no en qui\u00e9n los revisa\u201d<\/em><\/strong>, explic\u00f3 el ministro Mario Isgro.<\/p>\n<p>En el mismo sentido, \u00c1ngela Gatti, subsecretaria de Planificaci\u00f3n Territorial resalt\u00f3 la importancia de que el proyecto tenga un aval conjunto. <strong><em>\u201cEl trabajo tuvo su inicio en el Ministerio, pero r\u00e1pidamente conseguimos el consenso y el trabajo de los profesionales de cada municipio, como as\u00ed tambi\u00e9n de los colegios profesionales. El trabajo de tres patas; Gobierno provincial, municipal y profesionales fue fundamental. Estos \u00faltimos, manifestaron la necesidad de tener la misma documentaci\u00f3n en cada Departamento\u201d<\/em><\/strong>, agreg\u00f3 la funcionaria.<\/p>\n<p>Actualmente, cada comuna tiene un sistema diferente para la verificaci\u00f3n de r\u00f3tulo, la verificaci\u00f3n del tipo de tr\u00e1mite y el sistema de revisi\u00f3n de planos, lo que dificulta no solo la tarea de los profesionales afines sino tambi\u00e9n la de inversores privados. El documento viene a traer un sistema equitativo para el desarrollo del territorio. Esto no se puede llevar a cabo, sin el compromiso de los colegios profesionales de desarrollar un registro de matriculados y un portal \u00fanico para la obra. Siempre tendiendo a volver todo digital.<\/p>\n<p><img loading=\"lazy\" decoding=\"async\" class=\"\" src=\"https:\/\/www.mendoza.gov.ar\/wp-content\/uploads\/sites\/5\/2023\/08\/WhatsApp-Image-2023-08-11-at-15.58.04-700x394.jpeg\" width=\"350\" height=\"197\" \/> <img loading=\"lazy\" decoding=\"async\" class=\"\" src=\"https:\/\/www.mendoza.gov.ar\/wp-content\/uploads\/sites\/5\/2023\/08\/WhatsApp-Image-2023-08-14-at-11.36.22-700x466.jpeg\" width=\"296\" height=\"197\" \/><\/p>\n<p>Otra propuesta fue por ejemplo cuando aparece un nuevo sistema constructivo y es aprobado por un municipio que autom\u00e1ticamente quede regulado para toda la provincia a trav\u00e9s de una mesa de trabajo, tambi\u00e9n se aplicar\u00eda a otros aspectos como movilidad sustentable, arbolado p\u00fablico urbano, residuos de todo tipo, etc.<\/p>\n<p><strong><em>\u201cLa construcci\u00f3n es uno de los motores de la econom\u00eda, si se crea un portal digital de presentaci\u00f3n de obra privada se simplifican los tr\u00e1mites. Ahora estamos perdiendo much\u00edsima inversi\u00f3n y hay cada vez m\u00e1s construcciones clandestinas con todo lo que ello implica. Necesitamos hacer un \u00fanico c\u00f3digo que simplifique la vida de todos los profesionales que presentamos planos. Las demoras en los tr\u00e1mites administrativos desalientan a los inversionistas al encarar un proyecto de construcci\u00f3n\u201d<\/em><\/strong>, analiz\u00f3 Leticia Mart\u00ednez, presidenta del Colegio de Arquitectos.<\/p>\n<p><em><strong>\u201cEstos avances son fundamentales. En este \u00faltimo tiempo, hemos tratado de coordinar algunas pautas en cuanto a los certificados para que los profesionales tengamos un eje claro de las documentaciones a presentar\u201d<\/strong><\/em>, expres\u00f3 Javier Oyhenart, presidente del Colegio de Agrimensura.<\/p>\n<p><img loading=\"lazy\" decoding=\"async\" class=\"\" src=\"https:\/\/www.mendoza.gov.ar\/wp-content\/uploads\/sites\/5\/2023\/08\/WhatsApp-Image-2023-08-11-at-15.55.41-700x394.jpeg\" width=\"350\" height=\"197\" \/> <img loading=\"lazy\" decoding=\"async\" class=\"\" src=\"https:\/\/www.mendoza.gov.ar\/wp-content\/uploads\/sites\/5\/2023\/08\/WhatsApp-Image-2023-08-11-at-15.42.29-700x394.jpeg\" width=\"350\" height=\"197\" \/><\/p>\n","protected":false},"excerpt":{"rendered":"<p>El ministro Isgro y la subsecretar\u00eda Gatti se reunieron con profesionales en el Colegio de Agrimensura para mostrar los avances del &#8230;<\/p>\n","protected":false},"author":7,"featured_media":125575,"comment_status":"open","ping_status":"open","sticky":false,"template":"","format":"standard","meta":{"footnotes":""},"categories":[5,10],"tags":[],"class_list":["post-125574","post","type-post","status-publish","format-standard","has-post-thumbnail","hentry","category-actualidad","category-destacadas"],"_links":{"self":[{"href":"https:\/\/vinasfm.com\/noticias\/wp-json\/wp\/v2\/posts\/125574","targetHints":{"allow":["GET"]}}],"collection":[{"href":"https:\/\/vinasfm.com\/noticias\/wp-json\/wp\/v2\/posts"}],"about":[{"href":"https:\/\/vinasfm.com\/noticias\/wp-json\/wp\/v2\/types\/post"}],"author":[{"embeddable":true,"href":"https:\/\/vinasfm.com\/noticias\/wp-json\/wp\/v2\/users\/7"}],"replies":[{"embeddable":true,"href":"https:\/\/vinasfm.com\/noticias\/wp-json\/wp\/v2\/comments?post=125574"}],"version-history":[{"count":1,"href":"https:\/\/vinasfm.com\/noticias\/wp-json\/wp\/v2\/posts\/125574\/revisions"}],"predecessor-version":[{"id":125576,"href":"https:\/\/vinasfm.com\/noticias\/wp-json\/wp\/v2\/posts\/125574\/revisions\/125576"}],"wp:featuredmedia":[{"embeddable":true,"href":"https:\/\/vinasfm.com\/noticias\/wp-json\/wp\/v2\/media\/125575"}],"wp:attachment":[{"href":"https:\/\/vinasfm.com\/noticias\/wp-json\/wp\/v2\/media?parent=125574"}],"wp:term":[{"taxonomy":"category","embeddable":true,"href":"https:\/\/vinasfm.com\/noticias\/wp-json\/wp\/v2\/categories?post=125574"},{"taxonomy":"post_tag","embeddable":true,"href":"https:\/\/vinasfm.com\/noticias\/wp-json\/wp\/v2\/tags?post=125574"}],"curies":[{"name":"wp","href":"https:\/\/api.w.org\/{rel}","templated":true}]}}