{"id":125571,"date":"2023-08-14T12:11:15","date_gmt":"2023-08-14T15:11:15","guid":{"rendered":"https:\/\/vinasfm.com\/noticias\/?p=125571"},"modified":"2023-08-15T09:51:18","modified_gmt":"2023-08-15T12:51:18","slug":"irrigacion-y-el-liceo-agricola-pondran-en-marcha-el-riego-de-cesped-y-vides-con-aguas-grises","status":"publish","type":"post","link":"https:\/\/vinasfm.com\/noticias\/irrigacion-y-el-liceo-agricola-pondran-en-marcha-el-riego-de-cesped-y-vides-con-aguas-grises\/","title":{"rendered":"IRRIGACI\u00d3N Y EL LICEO AGR\u00cdCOLA PONDR\u00c1N EN MARCHA EL RIEGO DE C\u00c9SPED Y VIDES CON AGUAS GRISES"},"content":{"rendered":"<p style=\"font-weight: 400;\"><strong>Se\u00a0firm\u00f3 un convenio. El sistema se implementar\u00e1 en el predio del establecimiento educativo.<\/strong><\/p>\n<p style=\"font-weight: 400;\">El Superintendente de Irrigaci\u00f3n, Sergio Marinelli, junto a la Directora del Liceo Agr\u00edcola, Celia Nu\u00f1ez; firmaron un convenio por el cual las instituciones que representan se comprometen a poner en pr\u00e1ctica un proyecto elaborado por t\u00e9cnicos de Irrigaci\u00f3n y asistido por expertos del establecimiento educativo dependiente de la UNCuyo.<\/p>\n<p style=\"font-weight: 400;\">El proyecto emerge de la necesidad de combatir el contexto de sequ\u00eda con el objetivo de implementar ideas innovadoras a partir del\u00a0<strong>agua reutilizada.<\/strong>\u00a0En este caso,\u00a0<strong>aguas grises (que son las provenientes del uso dom\u00e9stico, como el lavado de platos y de ropa).<\/strong><\/p>\n<p style=\"font-weight: 400;\">El sistema est\u00e1 compuesto por ca\u00f1er\u00edas que portan mangueras que llevan el agua a la ra\u00edz de la planta. Es importante destacar que el Liceo Agr\u00edcola ya posee experiencia en la conducci\u00f3n de este tipo de aguas a trav\u00e9s de ca\u00f1er\u00edas que luego pasan por un separador de grasas y un bioreactor.<\/p>\n<p style=\"font-weight: 400;\">Con este sistema, primer prototipo de riego subsuperficial en la provincia, se prev\u00e9 regar c\u00e9sped y vides. Entre otras ventajas esta forma de regar no presenta malos olores, no posee p\u00e9rdidas por evaporaci\u00f3n del agua y no existe la posibilidad de contacto con humanos.<\/p>\n","protected":false},"excerpt":{"rendered":"<p>Se\u00a0firm\u00f3 un convenio. El sistema se implementar\u00e1 en el predio del establecimiento educativo. El Superintendente de Irrigaci\u00f3n, Sergio Marinelli, junto a &#8230;<\/p>\n","protected":false},"author":7,"featured_media":125572,"comment_status":"open","ping_status":"open","sticky":false,"template":"","format":"standard","meta":{"footnotes":""},"categories":[5,37],"tags":[],"class_list":["post-125571","post","type-post","status-publish","format-standard","has-post-thumbnail","hentry","category-actualidad","category-irrigacion"],"_links":{"self":[{"href":"https:\/\/vinasfm.com\/noticias\/wp-json\/wp\/v2\/posts\/125571","targetHints":{"allow":["GET"]}}],"collection":[{"href":"https:\/\/vinasfm.com\/noticias\/wp-json\/wp\/v2\/posts"}],"about":[{"href":"https:\/\/vinasfm.com\/noticias\/wp-json\/wp\/v2\/types\/post"}],"author":[{"embeddable":true,"href":"https:\/\/vinasfm.com\/noticias\/wp-json\/wp\/v2\/users\/7"}],"replies":[{"embeddable":true,"href":"https:\/\/vinasfm.com\/noticias\/wp-json\/wp\/v2\/comments?post=125571"}],"version-history":[{"count":1,"href":"https:\/\/vinasfm.com\/noticias\/wp-json\/wp\/v2\/posts\/125571\/revisions"}],"predecessor-version":[{"id":125573,"href":"https:\/\/vinasfm.com\/noticias\/wp-json\/wp\/v2\/posts\/125571\/revisions\/125573"}],"wp:featuredmedia":[{"embeddable":true,"href":"https:\/\/vinasfm.com\/noticias\/wp-json\/wp\/v2\/media\/125572"}],"wp:attachment":[{"href":"https:\/\/vinasfm.com\/noticias\/wp-json\/wp\/v2\/media?parent=125571"}],"wp:term":[{"taxonomy":"category","embeddable":true,"href":"https:\/\/vinasfm.com\/noticias\/wp-json\/wp\/v2\/categories?post=125571"},{"taxonomy":"post_tag","embeddable":true,"href":"https:\/\/vinasfm.com\/noticias\/wp-json\/wp\/v2\/tags?post=125571"}],"curies":[{"name":"wp","href":"https:\/\/api.w.org\/{rel}","templated":true}]}}