{"id":125563,"date":"2023-08-14T11:43:42","date_gmt":"2023-08-14T14:43:42","guid":{"rendered":"https:\/\/vinasfm.com\/noticias\/?p=125563"},"modified":"2023-08-15T10:03:25","modified_gmt":"2023-08-15T13:03:25","slug":"un-menor-senalado-por-distintos-ilicitos-fue-detenido-en-bowen","status":"publish","type":"post","link":"https:\/\/vinasfm.com\/noticias\/un-menor-senalado-por-distintos-ilicitos-fue-detenido-en-bowen\/","title":{"rendered":"UN MENOR, SE\u00d1ALADO POR DISTINTOS IL\u00cdCITOS, FUE DETENIDO EN BOWEN"},"content":{"rendered":"<p><strong>La aprehensi\u00f3n se dio el domingo en horas de la noche.<\/strong><\/p>\n<p>El Comisario Iv\u00e1n Berm\u00fadez se\u00f1al\u00f3 que <strong><em>\u201cgracias a informaci\u00f3n aportada por la ciudadan\u00eda, personal policial acudi\u00f3 a la Plaza San Mart\u00edn, en donde se procedi\u00f3 a la detenci\u00f3n de un menor de edad sindicado por varios hechos delictivos en el departamento, principalmente en Bowen\u201d.<\/em><\/strong><\/p>\n<p>Seg\u00fan informaci\u00f3n aportada por el Comisario, <strong>el menor fue puesto a disposici\u00f3n de la Fiscal\u00eda Penal de Menores y posteriormente fue trasladado a la Ciudad de Mendoza, en donde qued\u00f3 a disposici\u00f3n del ETI. \u00a0<\/strong><\/p>\n","protected":false},"excerpt":{"rendered":"<p>La aprehensi\u00f3n se dio el domingo en horas de la noche. El Comisario Iv\u00e1n Berm\u00fadez se\u00f1al\u00f3 que \u201cgracias a informaci\u00f3n aportada &#8230;<\/p>\n","protected":false},"author":7,"featured_media":125564,"comment_status":"open","ping_status":"open","sticky":false,"template":"","format":"standard","meta":{"footnotes":""},"categories":[5,4],"tags":[],"class_list":["post-125563","post","type-post","status-publish","format-standard","has-post-thumbnail","hentry","category-actualidad","category-policiales"],"_links":{"self":[{"href":"https:\/\/vinasfm.com\/noticias\/wp-json\/wp\/v2\/posts\/125563","targetHints":{"allow":["GET"]}}],"collection":[{"href":"https:\/\/vinasfm.com\/noticias\/wp-json\/wp\/v2\/posts"}],"about":[{"href":"https:\/\/vinasfm.com\/noticias\/wp-json\/wp\/v2\/types\/post"}],"author":[{"embeddable":true,"href":"https:\/\/vinasfm.com\/noticias\/wp-json\/wp\/v2\/users\/7"}],"replies":[{"embeddable":true,"href":"https:\/\/vinasfm.com\/noticias\/wp-json\/wp\/v2\/comments?post=125563"}],"version-history":[{"count":1,"href":"https:\/\/vinasfm.com\/noticias\/wp-json\/wp\/v2\/posts\/125563\/revisions"}],"predecessor-version":[{"id":125565,"href":"https:\/\/vinasfm.com\/noticias\/wp-json\/wp\/v2\/posts\/125563\/revisions\/125565"}],"wp:featuredmedia":[{"embeddable":true,"href":"https:\/\/vinasfm.com\/noticias\/wp-json\/wp\/v2\/media\/125564"}],"wp:attachment":[{"href":"https:\/\/vinasfm.com\/noticias\/wp-json\/wp\/v2\/media?parent=125563"}],"wp:term":[{"taxonomy":"category","embeddable":true,"href":"https:\/\/vinasfm.com\/noticias\/wp-json\/wp\/v2\/categories?post=125563"},{"taxonomy":"post_tag","embeddable":true,"href":"https:\/\/vinasfm.com\/noticias\/wp-json\/wp\/v2\/tags?post=125563"}],"curies":[{"name":"wp","href":"https:\/\/api.w.org\/{rel}","templated":true}]}}