{"id":125557,"date":"2023-08-14T11:05:37","date_gmt":"2023-08-14T14:05:37","guid":{"rendered":"https:\/\/vinasfm.com\/noticias\/?p=125557"},"modified":"2023-08-15T08:47:25","modified_gmt":"2023-08-15T11:47:25","slug":"como-se-desarrollaron-las-paso-en-materia-de-seguridad","status":"publish","type":"post","link":"https:\/\/vinasfm.com\/noticias\/como-se-desarrollaron-las-paso-en-materia-de-seguridad\/","title":{"rendered":"C\u00d3MO SE DESARROLLARON LAS PASO EN MATERIA DE SEGURIDAD"},"content":{"rendered":"<p><strong>En horas de la tarde del domingo, el Comisario Iv\u00e1n Berm\u00fadez realiz\u00f3 un balance de la jornada electoral en General Alvear.<\/strong><\/p>\n<p>Berm\u00fadez se\u00f1al\u00f3 que <strong><em>\u201cpor fortuna no hubo novedades en ninguno de los establecimientos en donde se ejecutaban las elecciones, fue una jornada sin ning\u00fan tipo de reclamos\u201d.<\/em><\/strong> Sin embargo, reconoci\u00f3 que en algunos casos se registraron retrasos en la apertura de los comicios.<\/p>\n<p>Cabe remarcar que General Alvear contaba con un Padr\u00f3n de 39.000 personas autorizadas para votar.<\/p>\n","protected":false},"excerpt":{"rendered":"<p>En horas de la tarde del domingo, el Comisario Iv\u00e1n Berm\u00fadez realiz\u00f3 un balance de la jornada electoral en General Alvear. &#8230;<\/p>\n","protected":false},"author":7,"featured_media":125558,"comment_status":"open","ping_status":"open","sticky":false,"template":"","format":"standard","meta":{"footnotes":""},"categories":[5,4],"tags":[],"class_list":["post-125557","post","type-post","status-publish","format-standard","has-post-thumbnail","hentry","category-actualidad","category-policiales"],"_links":{"self":[{"href":"https:\/\/vinasfm.com\/noticias\/wp-json\/wp\/v2\/posts\/125557","targetHints":{"allow":["GET"]}}],"collection":[{"href":"https:\/\/vinasfm.com\/noticias\/wp-json\/wp\/v2\/posts"}],"about":[{"href":"https:\/\/vinasfm.com\/noticias\/wp-json\/wp\/v2\/types\/post"}],"author":[{"embeddable":true,"href":"https:\/\/vinasfm.com\/noticias\/wp-json\/wp\/v2\/users\/7"}],"replies":[{"embeddable":true,"href":"https:\/\/vinasfm.com\/noticias\/wp-json\/wp\/v2\/comments?post=125557"}],"version-history":[{"count":3,"href":"https:\/\/vinasfm.com\/noticias\/wp-json\/wp\/v2\/posts\/125557\/revisions"}],"predecessor-version":[{"id":125561,"href":"https:\/\/vinasfm.com\/noticias\/wp-json\/wp\/v2\/posts\/125557\/revisions\/125561"}],"wp:featuredmedia":[{"embeddable":true,"href":"https:\/\/vinasfm.com\/noticias\/wp-json\/wp\/v2\/media\/125558"}],"wp:attachment":[{"href":"https:\/\/vinasfm.com\/noticias\/wp-json\/wp\/v2\/media?parent=125557"}],"wp:term":[{"taxonomy":"category","embeddable":true,"href":"https:\/\/vinasfm.com\/noticias\/wp-json\/wp\/v2\/categories?post=125557"},{"taxonomy":"post_tag","embeddable":true,"href":"https:\/\/vinasfm.com\/noticias\/wp-json\/wp\/v2\/tags?post=125557"}],"curies":[{"name":"wp","href":"https:\/\/api.w.org\/{rel}","templated":true}]}}