{"id":125532,"date":"2023-08-13T22:15:50","date_gmt":"2023-08-14T01:15:50","guid":{"rendered":"https:\/\/vinasfm.com\/noticias\/?p=125532"},"modified":"2023-08-14T12:18:36","modified_gmt":"2023-08-14T15:18:36","slug":"dos-nuevos-accidente-tuvieron-lugar-este-domingo","status":"publish","type":"post","link":"https:\/\/vinasfm.com\/noticias\/dos-nuevos-accidente-tuvieron-lugar-este-domingo\/","title":{"rendered":"DOS NUEVOS ACCIDENTES TUVIERON LUGAR ESTE DOMINGO"},"content":{"rendered":"<p><strong>Ambos ocurrieron en la Ruta 143.<\/strong><\/p>\n<p>El primer hecho sucedi\u00f3 en la madrugada del domingo. <strong>Siendo las 03:15 horas aproximadamente, en Ruta 143 km 399 se produce el vuelco de un autom\u00f3vil;<\/strong> en el lugar el personal policial constata que cuatro j\u00f3venes se desplazaban hacia la provincia de San Juan provenientes de la provincia de R\u00edo Negro, <strong>posiblemente el conductor se queda dormido pierde el dominio del rodado y vuelcan, producto de ello resultan lesionados.<\/strong> <strong>Todos los ocupantes con lesiones de car\u00e1cter leve,<\/strong> fueron trasladados al Hospital Enfermeros Argentinos y una vez examinados recuperaron el alta.<\/p>\n<p>El segundo hecho sucedi\u00f3 el domingo en horas de la tarde. <strong>Cerca de las 14:00 horas se toma conocimiento de un siniestro vial en la ruta 143 km 372.<\/strong> Arribado personal policial al lugar constata efectivamente que una camioneta Toyota se desplazaba de norte a sur ocupada por dos ciudadanos mayores de edad con destino a Santa Rosa, La Pampa. <strong>Por razones que se tratan de establecer el conductor perdi\u00f3 el dominio del rodado lo que produjo el vuelco del veh\u00edculo.<\/strong> Ambos ciudadanos fueron trasladados al Hospital Enfermeros Argentinos, <strong>en cuanto a la acompa\u00f1ante result\u00f3 con lesiones de car\u00e1cter leve en tanto que el conductor sufri\u00f3 un traumatismo en la zona del cr\u00e1neo lo que motiv\u00f3 que quedar\u00e1 internado en terapia intensiva.<\/strong><\/p>\n<p>&nbsp;<\/p>\n","protected":false},"excerpt":{"rendered":"<p>Ambos ocurrieron en la Ruta 143. El primer hecho sucedi\u00f3 en la madrugada del domingo. Siendo las 03:15 horas aproximadamente, en &#8230;<\/p>\n","protected":false},"author":7,"featured_media":125434,"comment_status":"open","ping_status":"open","sticky":false,"template":"","format":"standard","meta":{"footnotes":""},"categories":[5,4],"tags":[],"class_list":["post-125532","post","type-post","status-publish","format-standard","has-post-thumbnail","hentry","category-actualidad","category-policiales"],"_links":{"self":[{"href":"https:\/\/vinasfm.com\/noticias\/wp-json\/wp\/v2\/posts\/125532","targetHints":{"allow":["GET"]}}],"collection":[{"href":"https:\/\/vinasfm.com\/noticias\/wp-json\/wp\/v2\/posts"}],"about":[{"href":"https:\/\/vinasfm.com\/noticias\/wp-json\/wp\/v2\/types\/post"}],"author":[{"embeddable":true,"href":"https:\/\/vinasfm.com\/noticias\/wp-json\/wp\/v2\/users\/7"}],"replies":[{"embeddable":true,"href":"https:\/\/vinasfm.com\/noticias\/wp-json\/wp\/v2\/comments?post=125532"}],"version-history":[{"count":3,"href":"https:\/\/vinasfm.com\/noticias\/wp-json\/wp\/v2\/posts\/125532\/revisions"}],"predecessor-version":[{"id":125535,"href":"https:\/\/vinasfm.com\/noticias\/wp-json\/wp\/v2\/posts\/125532\/revisions\/125535"}],"wp:featuredmedia":[{"embeddable":true,"href":"https:\/\/vinasfm.com\/noticias\/wp-json\/wp\/v2\/media\/125434"}],"wp:attachment":[{"href":"https:\/\/vinasfm.com\/noticias\/wp-json\/wp\/v2\/media?parent=125532"}],"wp:term":[{"taxonomy":"category","embeddable":true,"href":"https:\/\/vinasfm.com\/noticias\/wp-json\/wp\/v2\/categories?post=125532"},{"taxonomy":"post_tag","embeddable":true,"href":"https:\/\/vinasfm.com\/noticias\/wp-json\/wp\/v2\/tags?post=125532"}],"curies":[{"name":"wp","href":"https:\/\/api.w.org\/{rel}","templated":true}]}}