{"id":125527,"date":"2023-08-14T09:25:29","date_gmt":"2023-08-14T12:25:29","guid":{"rendered":"https:\/\/vinasfm.com\/noticias\/?p=125527"},"modified":"2023-08-15T08:49:19","modified_gmt":"2023-08-15T11:49:19","slug":"walther-marcolini-el-mundo-es-complejo-no-es-facil-tomar-decisiones-y-gobernar","status":"publish","type":"post","link":"https:\/\/vinasfm.com\/noticias\/walther-marcolini-el-mundo-es-complejo-no-es-facil-tomar-decisiones-y-gobernar\/","title":{"rendered":"WALTHER MARCOLINI: &#8216;EL MUNDO ES COMPLEJO, NO ES F\u00c1CIL TOMAR DECISIONES Y GOBERNAR&#8217;"},"content":{"rendered":"<h4><strong>El s\u00e1bado pasado en una emisi\u00f3n m\u00e1s de \u00abPuntos de Vista\u00bb visito los estudios de VI\u00d1AS, el intendente de la comuna, Walther Marcolini quien realiz\u00f3 un peque\u00f1o balance sobre sus ocho a\u00f1os de gesti\u00f3n<\/strong><\/h4>\n<p>En primer lugar agradeci\u00f3 a todas las personas que han estado con el:<em><strong> &#8216;siempre voy a ser un agradecido con Dios y la vida, uno hace lo que se pueda en las circunstancias hist\u00f3ricas que le toca, siempre va a quedar lo que a uno le hubiera gustado, ha sido una etapa de aprendizajes es un cargo maravilloso que te permite estar con el vecino, nosotros estamos en plena ejecuci\u00f3n hasta el 9 de diciembre, vamos a gestionar de la mejor forma a fondo sorteando enormes dificultades, le agradezco a todos los que me acompa\u00f1aron en especial a mi familia que estuvo presente desde el d\u00eda uno&#8217;<\/strong><\/em><\/p>\n<p>Como as\u00ed tambi\u00e9n habl\u00f3 sobre algunas reducciones que se hicieron en diferentes obras debido a la inflaci\u00f3n: <em><strong>&#8216;hemos lanzando un plan de 90 cuadras que por producto de la inflaci\u00f3n se reduce a 60, eso es grave, estamos en este momento colocando 400 luminarias led en un convenio con vialidad muy importante, pero aun as\u00ed con hay varios conceptos para atr\u00e1s como lo es la econom\u00eda circular&#8217;<\/strong><\/em><\/p>\n<p>Tambi\u00e9n destaco la participacion de cada ciudadano en las elecciones y que se debe hacer para mejor el orden: <em><strong>&#8216;es una etapa fant\u00e1stica en la cual yo creo bastante, hace algunos a\u00f1os dije que no pod\u00edan ser las reelecciones indefinidas y sigo pens\u00e1ndolo mas all\u00e1 que digan muchas cosas, yo creo que el d\u00eda que la Argentina siga a rajatabla la constituci\u00f3n con las leyes que hay y respete las instituciones vamos a ser una sociedad mejor y superando muchos aspectos, creo en las nuevas generaciones&#8217;<\/strong><\/em><\/p>\n<p>Por \u00faltimo destac\u00f3: <strong><em>&#8216;la democracia se basa en el recambio, hay que mejorar la calidad de las instituciones, lo mas importante son las pol\u00edticas del estado, el martes 26 de septiembre vamos a ser la audiencia publica para el ordenamiento territorial, es un gran trabajo, esto es un camino a mediano y largo plazo, los partidos pol\u00edticos tenemos una gran deuda con la democracia que es formar recursos humanos adecuados para formar decisiones importantes para gobernar hace falta gente formada, el mundo es complejo, no es f\u00e1cil tomar decisiones y gobernar&#8217;<\/em><\/strong><\/p>\n<p>&nbsp;<\/p>\n","protected":false},"excerpt":{"rendered":"<p>El s\u00e1bado pasado en una emisi\u00f3n m\u00e1s de \u00abPuntos de Vista\u00bb visito los estudios de VI\u00d1AS, el intendente de la comuna, &#8230;<\/p>\n","protected":false},"author":7,"featured_media":125549,"comment_status":"open","ping_status":"open","sticky":false,"template":"","format":"standard","meta":{"footnotes":""},"categories":[5,10],"tags":[],"class_list":["post-125527","post","type-post","status-publish","format-standard","has-post-thumbnail","hentry","category-actualidad","category-destacadas"],"_links":{"self":[{"href":"https:\/\/vinasfm.com\/noticias\/wp-json\/wp\/v2\/posts\/125527","targetHints":{"allow":["GET"]}}],"collection":[{"href":"https:\/\/vinasfm.com\/noticias\/wp-json\/wp\/v2\/posts"}],"about":[{"href":"https:\/\/vinasfm.com\/noticias\/wp-json\/wp\/v2\/types\/post"}],"author":[{"embeddable":true,"href":"https:\/\/vinasfm.com\/noticias\/wp-json\/wp\/v2\/users\/7"}],"replies":[{"embeddable":true,"href":"https:\/\/vinasfm.com\/noticias\/wp-json\/wp\/v2\/comments?post=125527"}],"version-history":[{"count":3,"href":"https:\/\/vinasfm.com\/noticias\/wp-json\/wp\/v2\/posts\/125527\/revisions"}],"predecessor-version":[{"id":125593,"href":"https:\/\/vinasfm.com\/noticias\/wp-json\/wp\/v2\/posts\/125527\/revisions\/125593"}],"wp:featuredmedia":[{"embeddable":true,"href":"https:\/\/vinasfm.com\/noticias\/wp-json\/wp\/v2\/media\/125549"}],"wp:attachment":[{"href":"https:\/\/vinasfm.com\/noticias\/wp-json\/wp\/v2\/media?parent=125527"}],"wp:term":[{"taxonomy":"category","embeddable":true,"href":"https:\/\/vinasfm.com\/noticias\/wp-json\/wp\/v2\/categories?post=125527"},{"taxonomy":"post_tag","embeddable":true,"href":"https:\/\/vinasfm.com\/noticias\/wp-json\/wp\/v2\/tags?post=125527"}],"curies":[{"name":"wp","href":"https:\/\/api.w.org\/{rel}","templated":true}]}}