{"id":125514,"date":"2023-08-11T17:46:36","date_gmt":"2023-08-11T20:46:36","guid":{"rendered":"https:\/\/vinasfm.com\/noticias\/?p=125514"},"modified":"2023-08-14T11:50:14","modified_gmt":"2023-08-14T14:50:14","slug":"la-palabra-de-marcolini-en-el-109-aniversario-de-general-alvear","status":"publish","type":"post","link":"https:\/\/vinasfm.com\/noticias\/la-palabra-de-marcolini-en-el-109-aniversario-de-general-alvear\/","title":{"rendered":"LA PALABRA DE MARCOLINI EN EL 109\u00b0 ANIVERSARIO DE GENERAL ALVEAR\u00a0"},"content":{"rendered":"<p><strong>En su \u00faltimo a\u00f1o de mandato, el Sr. Intendente Walther Marcolini dedic\u00f3 unas c\u00e1lidas palabras haciendo menci\u00f3n a la historia del departamento<\/strong>.<\/p>\n<p>Desde su fundaci\u00f3n en 1914, General Alvear se vio marcado por la lucha, el esfuerzo, el crecimiento y la calidez humana.<strong><em> \u00abEl proceso migratorio le puso una din\u00e1mica de desarrollo fundamental al crecimiento y progreso del departamento, logr\u00f3 marcar una impronta en el desarrollo de los pueblos\u00bb<\/em><\/strong>, reflexion\u00f3 Marcolini.<\/p>\n<p><strong><em>\u00abEl siglo XXI nos encuentra con un potencial enorme en materia de recursos humanos, con la necesidad de que herramientas como la educaci\u00f3n, la ciencia y tecnolog\u00eda sean elementos que retengan a nuestros j\u00f3venes en el territorio. Hay una visi\u00f3n a corto y largo plazo en desarrollo con el objetivo de seguir creciendo\u00bb,<\/em><\/strong> se\u00f1al\u00f3 el Jefe Comunal.<\/p>\n<p><strong><em>\u00abHemos llegado a un aniversario en d\u00f3nde est\u00e1n dadas las condiciones para que, ordenando r\u00e1pidamente el problema macroecon\u00f3mico que atraviesa el pa\u00eds, General Alvear tenga un enorme potencial de crecimiento\u00bb<\/em><\/strong>, remarc\u00f3.<\/p>\n<p>En una autocr\u00edtica a sus 8 a\u00f1os al frente del departamento, Marcolini reconoci\u00f3 \u00ab<em><strong>los gobiernos plantean un ideario de desarrollo y estrategia que muchos se logran cumplir pero tambi\u00e9n hay muchos que no. En mi gesti\u00f3n no tuvimos la posibilidad de concretar proyectos que considero estrat\u00e9gicos, pero es necesario seguir trabajando en ellos\u00bb.\u00a0<\/strong><\/em><\/p>\n<p>Por \u00faltimo subray\u00f3 que \u00ab<strong><em>siempre las administraciones tienen avances, pros y contras. Dejamos un gobierno ordenado que ser\u00e1 un importante punto de partida para la pr\u00f3xima administraci\u00f3n\u00bb.<\/em><\/strong><\/p>\n","protected":false},"excerpt":{"rendered":"<p>En su \u00faltimo a\u00f1o de mandato, el Sr. Intendente Walther Marcolini dedic\u00f3 unas c\u00e1lidas palabras haciendo menci\u00f3n a la historia del &#8230;<\/p>\n","protected":false},"author":7,"featured_media":125516,"comment_status":"open","ping_status":"open","sticky":false,"template":"","format":"standard","meta":{"footnotes":""},"categories":[5,10],"tags":[],"class_list":["post-125514","post","type-post","status-publish","format-standard","has-post-thumbnail","hentry","category-actualidad","category-destacadas"],"_links":{"self":[{"href":"https:\/\/vinasfm.com\/noticias\/wp-json\/wp\/v2\/posts\/125514","targetHints":{"allow":["GET"]}}],"collection":[{"href":"https:\/\/vinasfm.com\/noticias\/wp-json\/wp\/v2\/posts"}],"about":[{"href":"https:\/\/vinasfm.com\/noticias\/wp-json\/wp\/v2\/types\/post"}],"author":[{"embeddable":true,"href":"https:\/\/vinasfm.com\/noticias\/wp-json\/wp\/v2\/users\/7"}],"replies":[{"embeddable":true,"href":"https:\/\/vinasfm.com\/noticias\/wp-json\/wp\/v2\/comments?post=125514"}],"version-history":[{"count":2,"href":"https:\/\/vinasfm.com\/noticias\/wp-json\/wp\/v2\/posts\/125514\/revisions"}],"predecessor-version":[{"id":125569,"href":"https:\/\/vinasfm.com\/noticias\/wp-json\/wp\/v2\/posts\/125514\/revisions\/125569"}],"wp:featuredmedia":[{"embeddable":true,"href":"https:\/\/vinasfm.com\/noticias\/wp-json\/wp\/v2\/media\/125516"}],"wp:attachment":[{"href":"https:\/\/vinasfm.com\/noticias\/wp-json\/wp\/v2\/media?parent=125514"}],"wp:term":[{"taxonomy":"category","embeddable":true,"href":"https:\/\/vinasfm.com\/noticias\/wp-json\/wp\/v2\/categories?post=125514"},{"taxonomy":"post_tag","embeddable":true,"href":"https:\/\/vinasfm.com\/noticias\/wp-json\/wp\/v2\/tags?post=125514"}],"curies":[{"name":"wp","href":"https:\/\/api.w.org\/{rel}","templated":true}]}}