{"id":125498,"date":"2023-08-11T11:59:16","date_gmt":"2023-08-11T14:59:16","guid":{"rendered":"https:\/\/vinasfm.com\/noticias\/?p=125498"},"modified":"2023-08-14T10:20:32","modified_gmt":"2023-08-14T13:20:32","slug":"agenda-cultural-aniversario-de-general-alvear","status":"publish","type":"post","link":"https:\/\/vinasfm.com\/noticias\/agenda-cultural-aniversario-de-general-alvear\/","title":{"rendered":"AGENDA CULTURAL: ANIVERSARIO DE GENERAL ALVEAR"},"content":{"rendered":"<p><span style=\"color: #000000;\"><strong>En el marco de los 109 a\u00f1os de General Alvear, y a causa de las PASO Nacionales que implican la suspensi\u00f3n de Actividades Oficiales, este viernes se realizar\u00e1 una emotiva velada en el Antonio Lafalla. <\/strong><\/span><\/p>\n<p><span style=\"color: #000000;\">La Directora de Cultura, <span style=\"color: #0000ff;\"><strong>Liana Piedrafita<\/strong><\/span>, dio detalles de la actividad que se realizar\u00e1 este viernes 11 de agosto<strong><em>. \u201cEsta noche tendremos la presencia de una orquesta que les va a encantar. Se trata de \u2018Sparkling Big Band\u2019, una orquesta compuesta por 35 m\u00fasicos con 13 a\u00f1os de trayectoria\u201d.<\/em><\/strong><\/span><\/p>\n<p><span style=\"color: #000000;\"><span style=\"color: #800080;\"><strong>\u2018Sparkling Big Band\u2019<\/strong> <\/span>regala una experiencia atravesada por el jazz y el swing en su \u00e9poca de oro, en una exquisita combinaci\u00f3n de m\u00fasicos y cantantes, dejando en cada detalle de su show el esp\u00edritu y la esencia de la \u00e9poca, con destellos y arreglos de hoy, forjando una identidad propia a fuego.<\/span><\/p>\n<p><span style=\"color: #000000;\">Piedrafita reconoci\u00f3 que <strong><em>\u201cdesde hace 3 a\u00f1os se intentaba tenerlos presentes en Alvear y por fin se ha logrado traerlos\u201d.<\/em><\/strong> La Velada se realizar\u00e1 en el Cineteatro Antonio Lafalla, a las 21:30 horas con entrada libre y gratuita.<\/span><\/p>\n<p><img loading=\"lazy\" decoding=\"async\" class=\"aligncenter\" src=\"https:\/\/vinasfm.com\/noticias\/wp-content\/uploads\/2023\/08\/0b2afc19-fb06-4a4f-aab3-31fb4f243062.jpg\" width=\"501\" height=\"501\" \/><\/p>\n<p><span style=\"color: #000000;\">Las actividades por el \u2018Agosto Alvearese\u2019 continuar\u00e1n en las pr\u00f3ximas semanas. El s\u00e1bado 19 se presentar\u00e1 la <strong><span style=\"color: #800080;\">\u2018Banda Militar Tambor\u00a0 de Taquar\u00ed\u2019<\/span><\/strong>, \u201c<strong><em>brindando un espect\u00e1culo \u00fanico que integra a 60 artistas\u201d. <\/em><\/strong>Si bien estar\u00e1n presentes en el Antonio Lafalla, se presentar\u00e1n el domingo 20 en las plazas San Mart\u00edn (Bowen) Y Carlos Maria de Alvear (Ciudad).<\/span><\/p>\n<p><a href=\"https:\/\/vinasfm.com\/noticias\/wp-content\/uploads\/2023\/08\/2afe1a1e-9289-4c70-9163-424205473f0d.jpg\"><img loading=\"lazy\" decoding=\"async\" class=\"wp-image-125499 aligncenter\" src=\"https:\/\/vinasfm.com\/noticias\/wp-content\/uploads\/2023\/08\/2afe1a1e-9289-4c70-9163-424205473f0d-902x1024.jpg\" alt=\"\" width=\"500\" height=\"568\" srcset=\"https:\/\/vinasfm.com\/noticias\/wp-content\/uploads\/2023\/08\/2afe1a1e-9289-4c70-9163-424205473f0d-902x1024.jpg 902w, https:\/\/vinasfm.com\/noticias\/wp-content\/uploads\/2023\/08\/2afe1a1e-9289-4c70-9163-424205473f0d-264x300.jpg 264w, https:\/\/vinasfm.com\/noticias\/wp-content\/uploads\/2023\/08\/2afe1a1e-9289-4c70-9163-424205473f0d-768x872.jpg 768w, https:\/\/vinasfm.com\/noticias\/wp-content\/uploads\/2023\/08\/2afe1a1e-9289-4c70-9163-424205473f0d.jpg 1158w\" sizes=\"auto, (max-width: 500px) 100vw, 500px\" \/><\/a><\/p>\n<p><strong><span style=\"color: #000000;\">M\u00e1s actividades por anunciar.<\/span><\/strong><\/p>\n","protected":false},"excerpt":{"rendered":"<p>En el marco de los 109 a\u00f1os de General Alvear, y a causa de las PASO Nacionales que implican la suspensi\u00f3n &#8230;<\/p>\n","protected":false},"author":7,"featured_media":125501,"comment_status":"open","ping_status":"open","sticky":false,"template":"","format":"standard","meta":{"footnotes":""},"categories":[5,19],"tags":[],"class_list":["post-125498","post","type-post","status-publish","format-standard","has-post-thumbnail","hentry","category-actualidad","category-cultura"],"_links":{"self":[{"href":"https:\/\/vinasfm.com\/noticias\/wp-json\/wp\/v2\/posts\/125498","targetHints":{"allow":["GET"]}}],"collection":[{"href":"https:\/\/vinasfm.com\/noticias\/wp-json\/wp\/v2\/posts"}],"about":[{"href":"https:\/\/vinasfm.com\/noticias\/wp-json\/wp\/v2\/types\/post"}],"author":[{"embeddable":true,"href":"https:\/\/vinasfm.com\/noticias\/wp-json\/wp\/v2\/users\/7"}],"replies":[{"embeddable":true,"href":"https:\/\/vinasfm.com\/noticias\/wp-json\/wp\/v2\/comments?post=125498"}],"version-history":[{"count":4,"href":"https:\/\/vinasfm.com\/noticias\/wp-json\/wp\/v2\/posts\/125498\/revisions"}],"predecessor-version":[{"id":125507,"href":"https:\/\/vinasfm.com\/noticias\/wp-json\/wp\/v2\/posts\/125498\/revisions\/125507"}],"wp:featuredmedia":[{"embeddable":true,"href":"https:\/\/vinasfm.com\/noticias\/wp-json\/wp\/v2\/media\/125501"}],"wp:attachment":[{"href":"https:\/\/vinasfm.com\/noticias\/wp-json\/wp\/v2\/media?parent=125498"}],"wp:term":[{"taxonomy":"category","embeddable":true,"href":"https:\/\/vinasfm.com\/noticias\/wp-json\/wp\/v2\/categories?post=125498"},{"taxonomy":"post_tag","embeddable":true,"href":"https:\/\/vinasfm.com\/noticias\/wp-json\/wp\/v2\/tags?post=125498"}],"curies":[{"name":"wp","href":"https:\/\/api.w.org\/{rel}","templated":true}]}}