{"id":125494,"date":"2023-08-11T10:04:07","date_gmt":"2023-08-11T13:04:07","guid":{"rendered":"https:\/\/vinasfm.com\/noticias\/?p=125494"},"modified":"2023-08-11T10:04:49","modified_gmt":"2023-08-11T13:04:49","slug":"radiografia-del-electorado-mendocino","status":"publish","type":"post","link":"https:\/\/vinasfm.com\/noticias\/radiografia-del-electorado-mendocino\/","title":{"rendered":"RADIOGRAF\u00cdA DEL ELECTORADO MENDOCINO"},"content":{"rendered":"<p class=\"news-headline__article-summary\"><strong>En la Provincia de Mendoza\u00a0figuran 1.492.379 personas habilitadas para votar. Conoc\u00e9 algunas particularidades del padr\u00f3n electoral.<\/strong><\/p>\n<p>El domingo se llevar\u00e1n a cabo en todo el pa\u00eds las PASO 2023, en la que se eligir\u00e1n -entre otras categor\u00edas- las candidatos que competir\u00e1n por la presidencia de la Naci\u00f3n, en las elecciones de octubre. Una radiograf\u00eda de los votantes mendocinos: cu\u00e1ntas personas votan y qu\u00e9 grupos integran.<\/p>\n<p>En la Provincia de Mendoza figuran 1.492.379 personas habilitadas para votar, que estar\u00e1n distribuidas en 4357 mesas dispuestas en 646 escuelas.<\/p>\n<p>El n\u00famero de electores contempla a chicos de 16 y 17 a\u00f1os que podr\u00e1n votar por primera vez. Decimos \u00abpodr\u00e1n\u00bb porque en su caso se trata de un voto voluntario (al igual que los mayores de 70) y no obligatorio como es para la gente entre 18 y 69 a\u00f1os.<\/p>\n<p>As\u00ed, Mendoza cuenta con 51.184 chicos de 16 y 17 a\u00f1os que se incorporaron al padr\u00f3n electoral en estas elecciones 2023. Y con esto se convierte en la quinta jurisdicci\u00f3n del pa\u00eds con m\u00e1s votantes nuevos, despu\u00e9s de provincia de Buenos Aires, provincia de C\u00f3rdoba, Provincia de Santa Fe y Ciudad de Buenos Aires.Este grupo representa el 3,42% del padr\u00f3n de la Provincia de Mendoza.<\/p>\n<p>En tanto, la incidencia de Mendoza en el padr\u00f3n nacional ronda el 4,2%.<\/p>\n<p>Sin embargo, en la composici\u00f3n actual del padr\u00f3n nacional hay un dato que sobesale y es que los mayores de 70 a\u00f1os tienen casi cuatro veces m\u00e1s peso en el padr\u00f3n electoral que los adolescentes de 16 y 17 a\u00f1os, estando ambos grupos eximidos de la obligatoriedad del voto.<\/p>\n<p>Los votantes de la clase 1953 o anteriores son en total 4.228.200, es decir 11,94% del padr\u00f3n nacional. Por su parte, los adolescentes de 16 y 17 a\u00f1os representan apenas el 3,29%: son 1.164.820.<\/p>\n<p>Parte de esto explica las actividades de los precandidatos de las \u00faltimas semanas ya que muchos se centraron en los jubilados. Lo hicieron, por ejemplo, Sergio Massa y Horacio Rodr\u00edguez Larreta en su paso por Mendoza, donde se reunieron con un grupo de personas mayores.<\/p>\n<p>Por otro lado, de acuerdo a los datos de la C\u00e1mara Nacional Electoral, en el universo de los mayores de 70 a\u00f1os las mujeres son mayor\u00eda (representan el 57% de ese grupo etario), a diferencia de lo que ocurre en la franja de los adolescentes, en la que son m\u00e1s los varones.<\/p>\n<p>Al analizar los datos respecto a los de las \u00faltimas elecciones se observa que el universo de mayores de 70 se mantuvo estable, mientras que la porci\u00f3n m\u00e1s joven del electorado registr\u00f3 un crecimiento.<\/p>\n<p>En 2021, cuando se llevaron a cabo las elecciones legislativas nacionales, se hab\u00edan incorporado al padr\u00f3n un total de 861.149 j\u00f3venes, de los cuales 437.457 eran varones y 423.692, mujeres.<\/p>\n<p>Hoy esos cerca de 900 mil votantes ya forman parte del grupo obligado por el C\u00f3digo Electoral Nacional a sufragar en los comicios. En tanto, hace dos a\u00f1os la cantidad de ciudadanos mayores de 70 a\u00f1os ascend\u00eda a un total de 4.022.643: en ese momento representaban el 11,71% del caudal electoraL.<\/p>\n<p>Otro de los grupos que votan en Mendoza todas las categor\u00edas son las personas privadas de la libertad, el padr\u00f3n contempla 4.623 electores, que votar\u00e1n en 23 mesas repartidas en 16 establecimientos penitenciarios de toda la Provincia. En este caso, se vota con boleta \u00fanica.<\/p>\n<h6>SitioAndino<\/h6>\n","protected":false},"excerpt":{"rendered":"<p>En la Provincia de Mendoza\u00a0figuran 1.492.379 personas habilitadas para votar. Conoc\u00e9 algunas particularidades del padr\u00f3n electoral. El domingo se llevar\u00e1n a &#8230;<\/p>\n","protected":false},"author":7,"featured_media":27397,"comment_status":"open","ping_status":"open","sticky":false,"template":"","format":"standard","meta":{"footnotes":""},"categories":[1],"tags":[],"class_list":["post-125494","post","type-post","status-publish","format-standard","has-post-thumbnail","hentry","category-fmvinas"],"_links":{"self":[{"href":"https:\/\/vinasfm.com\/noticias\/wp-json\/wp\/v2\/posts\/125494","targetHints":{"allow":["GET"]}}],"collection":[{"href":"https:\/\/vinasfm.com\/noticias\/wp-json\/wp\/v2\/posts"}],"about":[{"href":"https:\/\/vinasfm.com\/noticias\/wp-json\/wp\/v2\/types\/post"}],"author":[{"embeddable":true,"href":"https:\/\/vinasfm.com\/noticias\/wp-json\/wp\/v2\/users\/7"}],"replies":[{"embeddable":true,"href":"https:\/\/vinasfm.com\/noticias\/wp-json\/wp\/v2\/comments?post=125494"}],"version-history":[{"count":2,"href":"https:\/\/vinasfm.com\/noticias\/wp-json\/wp\/v2\/posts\/125494\/revisions"}],"predecessor-version":[{"id":125496,"href":"https:\/\/vinasfm.com\/noticias\/wp-json\/wp\/v2\/posts\/125494\/revisions\/125496"}],"wp:featuredmedia":[{"embeddable":true,"href":"https:\/\/vinasfm.com\/noticias\/wp-json\/wp\/v2\/media\/27397"}],"wp:attachment":[{"href":"https:\/\/vinasfm.com\/noticias\/wp-json\/wp\/v2\/media?parent=125494"}],"wp:term":[{"taxonomy":"category","embeddable":true,"href":"https:\/\/vinasfm.com\/noticias\/wp-json\/wp\/v2\/categories?post=125494"},{"taxonomy":"post_tag","embeddable":true,"href":"https:\/\/vinasfm.com\/noticias\/wp-json\/wp\/v2\/tags?post=125494"}],"curies":[{"name":"wp","href":"https:\/\/api.w.org\/{rel}","templated":true}]}}