{"id":125487,"date":"2023-08-11T09:31:10","date_gmt":"2023-08-11T12:31:10","guid":{"rendered":"https:\/\/vinasfm.com\/noticias\/?p=125487"},"modified":"2023-08-12T09:00:05","modified_gmt":"2023-08-12T12:00:05","slug":"las-casas-del-ipv-se-entregaran-con-detectores-de-monoxido-de-carbono","status":"publish","type":"post","link":"https:\/\/vinasfm.com\/noticias\/las-casas-del-ipv-se-entregaran-con-detectores-de-monoxido-de-carbono\/","title":{"rendered":"LAS CASAS DEL IPV SE ENTREGAR\u00c1N CON DETECTORES DE MON\u00d3XIDO DE CARBONO"},"content":{"rendered":"<p><strong>Este mi\u00e9rcoles se conoci\u00f3 que se implementar\u00e1n los nuevos sensores de mon\u00f3xido y gas metano en las unidades que entregue el IPV a partir de septiembre. Una resoluci\u00f3n habilita la implementaci\u00f3n obligatoria de los aparatos.<\/strong><\/p>\n<p>El\u00a0<strong>Instituto Provincial de la Vivienda\u00a0<\/strong>(IPV)\u00a0inform\u00f3 que implementar\u00e1 sensores de\u00a0<strong>mon\u00f3xido de carbono<\/strong>\u00a0y gas metano en todas las unidades habitacionales que se entreguen a partir de setiembre, como parte de su compromiso con la seguridad y la salud de los beneficiarios.<\/p>\n<p>\u00abCon el prop\u00f3sito de garantizar la seguridad de los adjudicatarios y sus familias, el Ministerio de Planificaci\u00f3n e Infraestructura junto al Instituto Provincial de la Vivienda (<strong>IPV<\/strong>) anunciaron esta semana una medida innovadora para prevenir intoxicaciones por mon\u00f3xido de carbono y gas en los hogares\u00bb, informaron desde Infraestructura.<\/p>\n<aside class=\"htmlinline\"><\/aside>\n<p>A trav\u00e9s de la Resoluci\u00f3n 1054\/2023, se establece la implementaci\u00f3n obligatoria de sensores de detecci\u00f3n dual de mon\u00f3xido de carbono (CO) y gas metano (CH4) en todas las unidades habitacionales y mejoramientos que se entreguen a partir de setiembre de 2023.<\/p>\n<p><img loading=\"lazy\" decoding=\"async\" class=\"aligncenter\" src=\"https:\/\/www.mdzol.com\/u\/fotografias\/m\/2023\/5\/17\/f768x1-1412760_1412887_5050.jpg\" width=\"500\" height=\"333\" \/><\/p>\n<p>\u00abLa iniciativa surge en respuesta a la preocupante incidencia de intoxicaciones por\u00a0<strong>mon\u00f3xido de carbono<\/strong>\u00a0en la provincia, muchas de las cuales han tenido consecuencias fatales debido al uso indebido de artefactos de calefacci\u00f3n y cocina que utilizan gas natural o envasado\u00bb, comentaron.<\/p>\n<aside class=\"htmlinline\"><\/aside>\n<p>La medida contribuye con las campa\u00f1as que el\u00a0<strong>Gobierno de Mendoza\u00a0<\/strong>realiza para concientizar a la ciudadan\u00eda sobre los peligros de estos gases t\u00f3xicos.<\/p>\n<h2>C\u00f3mo se aplicar\u00e1<\/h2>\n<p>De acuerdo con lo que se establece en la resoluci\u00f3n, los sensores duales deben cumplir con las normas NAG 204 y 205 del Ente Nacional Regulador del Gas (<strong>Enargas<\/strong>), garantizando as\u00ed su calidad y precisi\u00f3n en la detecci\u00f3n de<br \/>\ngases potencialmente peligrosos.<\/p>\n<p>Estos aparatos de medici\u00f3n est\u00e1n dise\u00f1ados para proporcionar lecturas instant\u00e1neas y precisas de los niveles de mon\u00f3xido de carbono y gas metano en el ambiente. Ser\u00e1n instalados en el estar comedor de cada vivienda, siguiendo las regulaciones de seguridad. Mediante una alarma lum\u00ednica y sonora alertar\u00e1 a la familia sobre cualquier acumulaci\u00f3n de gases para que puedan tomar medidas preventivas a tiempo.<\/p>\n<p>La implementaci\u00f3n de esta medida innovadora es un paso m\u00e1s en la continua evoluci\u00f3n del Instituto Provincial de la Vivienda en busca de soluciones habitacionales seguras y de calidad para los ciudadanos de\u00a0<strong>Mendoza<\/strong>.<\/p>\n","protected":false},"excerpt":{"rendered":"<p>Este mi\u00e9rcoles se conoci\u00f3 que se implementar\u00e1n los nuevos sensores de mon\u00f3xido y gas metano en las unidades que entregue el &#8230;<\/p>\n","protected":false},"author":7,"featured_media":125488,"comment_status":"open","ping_status":"open","sticky":false,"template":"","format":"standard","meta":{"footnotes":""},"categories":[5,10],"tags":[],"class_list":["post-125487","post","type-post","status-publish","format-standard","has-post-thumbnail","hentry","category-actualidad","category-destacadas"],"_links":{"self":[{"href":"https:\/\/vinasfm.com\/noticias\/wp-json\/wp\/v2\/posts\/125487","targetHints":{"allow":["GET"]}}],"collection":[{"href":"https:\/\/vinasfm.com\/noticias\/wp-json\/wp\/v2\/posts"}],"about":[{"href":"https:\/\/vinasfm.com\/noticias\/wp-json\/wp\/v2\/types\/post"}],"author":[{"embeddable":true,"href":"https:\/\/vinasfm.com\/noticias\/wp-json\/wp\/v2\/users\/7"}],"replies":[{"embeddable":true,"href":"https:\/\/vinasfm.com\/noticias\/wp-json\/wp\/v2\/comments?post=125487"}],"version-history":[{"count":1,"href":"https:\/\/vinasfm.com\/noticias\/wp-json\/wp\/v2\/posts\/125487\/revisions"}],"predecessor-version":[{"id":125489,"href":"https:\/\/vinasfm.com\/noticias\/wp-json\/wp\/v2\/posts\/125487\/revisions\/125489"}],"wp:featuredmedia":[{"embeddable":true,"href":"https:\/\/vinasfm.com\/noticias\/wp-json\/wp\/v2\/media\/125488"}],"wp:attachment":[{"href":"https:\/\/vinasfm.com\/noticias\/wp-json\/wp\/v2\/media?parent=125487"}],"wp:term":[{"taxonomy":"category","embeddable":true,"href":"https:\/\/vinasfm.com\/noticias\/wp-json\/wp\/v2\/categories?post=125487"},{"taxonomy":"post_tag","embeddable":true,"href":"https:\/\/vinasfm.com\/noticias\/wp-json\/wp\/v2\/tags?post=125487"}],"curies":[{"name":"wp","href":"https:\/\/api.w.org\/{rel}","templated":true}]}}