{"id":125480,"date":"2023-08-11T08:16:52","date_gmt":"2023-08-11T11:16:52","guid":{"rendered":"https:\/\/vinasfm.com\/noticias\/?p=125480"},"modified":"2023-08-12T09:29:32","modified_gmt":"2023-08-12T12:29:32","slug":"personal-policial-recupero-una-motocicleta-robada-en-bowen","status":"publish","type":"post","link":"https:\/\/vinasfm.com\/noticias\/personal-policial-recupero-una-motocicleta-robada-en-bowen\/","title":{"rendered":"PERSONAL POLICIAL RECUPER\u00d3 UNA MOTOCICLETA ROBADA EN BOWEN"},"content":{"rendered":"<p><strong>Los autores del hecho fueron dos menores de edad. <\/strong><\/p>\n<p>En la noche del jueves, <strong>siendo las 22:20 horas aproximadamente, personal policial visualiza en el distrito de Bowen a dos ciudadanos que se desplazaban en una moto con actitud sospechosa, de forma simult\u00e1nea ingresa telef\u00f3nicamente<\/strong> una persona a base Comisar\u00eda 46<sup>ta<\/sup>, dando cuenta que <strong>hab\u00eda sido v\u00edctima de la sustracci\u00f3n de un ciclomotor en la zona de la Terminal de \u00d3mnibus<\/strong>.<\/p>\n<p>R\u00e1pidamente personal de prevenci\u00f3n de Cuerpos Especiales se aboca el desplazamiento y <strong>en Ruta 188 y Sarmiento divisa una moto de similares caracter\u00edstica con dos ocupantes<\/strong>, por lo que se detiene la marcha de los mismos pudiendo el personal policial constatar que se trataba de la moto sustra\u00edda.<\/p>\n<p>Tanto el rodado como los dos ocupantes, &#8211; <strong>ambos menores de edad- fueron trasladados a Comisar\u00eda del Menor a los fines de labrar el proceso pertinente.<\/strong> En cuanto a la v\u00edctima dio cuenta que siendo las <strong>16:30 aproximadamente hab\u00eda dejado la moto estacionada en la zona de la terminal ya que se desempe\u00f1a sus labores diarias en el citado lugar.<\/strong><\/p>\n","protected":false},"excerpt":{"rendered":"<p>Los autores del hecho fueron dos menores de edad. En la noche del jueves, siendo las 22:20 horas aproximadamente, personal policial &#8230;<\/p>\n","protected":false},"author":7,"featured_media":56107,"comment_status":"open","ping_status":"open","sticky":false,"template":"","format":"standard","meta":{"footnotes":""},"categories":[5,4],"tags":[],"class_list":["post-125480","post","type-post","status-publish","format-standard","has-post-thumbnail","hentry","category-actualidad","category-policiales"],"_links":{"self":[{"href":"https:\/\/vinasfm.com\/noticias\/wp-json\/wp\/v2\/posts\/125480","targetHints":{"allow":["GET"]}}],"collection":[{"href":"https:\/\/vinasfm.com\/noticias\/wp-json\/wp\/v2\/posts"}],"about":[{"href":"https:\/\/vinasfm.com\/noticias\/wp-json\/wp\/v2\/types\/post"}],"author":[{"embeddable":true,"href":"https:\/\/vinasfm.com\/noticias\/wp-json\/wp\/v2\/users\/7"}],"replies":[{"embeddable":true,"href":"https:\/\/vinasfm.com\/noticias\/wp-json\/wp\/v2\/comments?post=125480"}],"version-history":[{"count":2,"href":"https:\/\/vinasfm.com\/noticias\/wp-json\/wp\/v2\/posts\/125480\/revisions"}],"predecessor-version":[{"id":125524,"href":"https:\/\/vinasfm.com\/noticias\/wp-json\/wp\/v2\/posts\/125480\/revisions\/125524"}],"wp:featuredmedia":[{"embeddable":true,"href":"https:\/\/vinasfm.com\/noticias\/wp-json\/wp\/v2\/media\/56107"}],"wp:attachment":[{"href":"https:\/\/vinasfm.com\/noticias\/wp-json\/wp\/v2\/media?parent=125480"}],"wp:term":[{"taxonomy":"category","embeddable":true,"href":"https:\/\/vinasfm.com\/noticias\/wp-json\/wp\/v2\/categories?post=125480"},{"taxonomy":"post_tag","embeddable":true,"href":"https:\/\/vinasfm.com\/noticias\/wp-json\/wp\/v2\/tags?post=125480"}],"curies":[{"name":"wp","href":"https:\/\/api.w.org\/{rel}","templated":true}]}}