{"id":125403,"date":"2023-08-08T12:10:23","date_gmt":"2023-08-08T15:10:23","guid":{"rendered":"https:\/\/vinasfm.com\/noticias\/?p=125403"},"modified":"2023-08-10T08:17:22","modified_gmt":"2023-08-10T11:17:22","slug":"el-particular-pedido-que-la-pampa-le-hizo-a-la-justicia-por-un-conflicto-con-mendoza","status":"publish","type":"post","link":"https:\/\/vinasfm.com\/noticias\/el-particular-pedido-que-la-pampa-le-hizo-a-la-justicia-por-un-conflicto-con-mendoza\/","title":{"rendered":"EL PARTICULAR PEDIDO QUE LA PAMPA LE HIZO A LA JUSTICIA POR UN CONFLICTO CON MENDOZA"},"content":{"rendered":"<p><strong>La Pampa cit\u00f3 a los miembros de la Corte Suprema a visitar su provincia para verificar las consecuencias que el bajo caudal del R\u00edo Atuel provoca.<\/strong><\/p>\n<p>En las \u00faltimas horas se conoci\u00f3 con el gobernador\u00a0<strong>pampeano<\/strong>,\u00a0Sergio Ziliotto, le solicit\u00f3 a la\u00a0<strong>Corte Suprema de la Naci\u00f3n<\/strong>\u00a0una audiencia debido al conflicto que la vecina provincia mantiene con Mendoza sobre el<strong>\u00a0r\u00edo Atuel<\/strong>. Sin embargo, un dato particular es que el mandatario requiri\u00f3 que el c\u00f3nclave se realice en el l\u00edmite entre ambas provincias y que los magistrados se trasladen hasta esta zona.<\/p>\n<p>Seg\u00fan indicaron desde\u00a0<strong>La Pampa<\/strong>\u00a0esta idea tiene por finalidad que los miembros del Tribunal puedan observar el <strong><em>\u00abestado de situaci\u00f3n actual del cauce y los da\u00f1os socio-ambientales generados y a generarse\u00bb<\/em><\/strong>. Es que,\u00a0Ziliotto espera que la Justicia se pronuncie sobre <em><strong>\u00ablos conflictos diarios que deben resolver a ra\u00edz de la faltante de agua y como esta situaci\u00f3n se agrava d\u00eda a d\u00eda, generando \u00e9xodo de las poblaciones y graves problemas sociales\u00bb.<\/strong><\/em><\/p>\n<p>Mendoza y\u00a0<strong>La Pampa<\/strong>\u00a0mantienen desde hace a\u00f1os un conflicto\u00a0por el caudal del\u00a0<strong>r\u00edo\u00a0Atuel<\/strong>. Hace m\u00e1s de tres a\u00f1os que la\u00a0<strong>Corte Suprema<\/strong>\u00a0de Justicia resolvi\u00f3\u00a0fijar una\u00a0\u00abmeta interina\u00bb\u00a0de caudal m\u00ednimo permanente\u00a0de 3,2 metros c\u00fabicos por segundo. El mandatario pampeano asegura que la provincia no cumple con esta disposici\u00f3n y, a trav\u00e9s de una carta, le pidi\u00f3 a los supremos su presencia en el sector afectado. Sin embargo ahora lo hizo a trav\u00e9s de la Fiscal\u00eda de Estado.<\/p>\n<p><em><strong>\u00abMendoza contin\u00faa sin obedecer el fallo, haciendo uso unilateral del agua, con las consecuencias da\u00f1osas y la destrucci\u00f3n del ambiente del noroeste de la provincia de\u00a0La Pampa\u00bb<\/strong><\/em>, se\u00f1ala en el escrito divulgado por el gobierno de\u00a0Ziliotto.<\/p>\n","protected":false},"excerpt":{"rendered":"<p>La Pampa cit\u00f3 a los miembros de la Corte Suprema a visitar su provincia para verificar las consecuencias que el bajo &#8230;<\/p>\n","protected":false},"author":7,"featured_media":125404,"comment_status":"open","ping_status":"open","sticky":false,"template":"","format":"standard","meta":{"footnotes":""},"categories":[5,54],"tags":[],"class_list":["post-125403","post","type-post","status-publish","format-standard","has-post-thumbnail","hentry","category-actualidad","category-conflicto-con-la-pampa"],"_links":{"self":[{"href":"https:\/\/vinasfm.com\/noticias\/wp-json\/wp\/v2\/posts\/125403","targetHints":{"allow":["GET"]}}],"collection":[{"href":"https:\/\/vinasfm.com\/noticias\/wp-json\/wp\/v2\/posts"}],"about":[{"href":"https:\/\/vinasfm.com\/noticias\/wp-json\/wp\/v2\/types\/post"}],"author":[{"embeddable":true,"href":"https:\/\/vinasfm.com\/noticias\/wp-json\/wp\/v2\/users\/7"}],"replies":[{"embeddable":true,"href":"https:\/\/vinasfm.com\/noticias\/wp-json\/wp\/v2\/comments?post=125403"}],"version-history":[{"count":2,"href":"https:\/\/vinasfm.com\/noticias\/wp-json\/wp\/v2\/posts\/125403\/revisions"}],"predecessor-version":[{"id":125437,"href":"https:\/\/vinasfm.com\/noticias\/wp-json\/wp\/v2\/posts\/125403\/revisions\/125437"}],"wp:featuredmedia":[{"embeddable":true,"href":"https:\/\/vinasfm.com\/noticias\/wp-json\/wp\/v2\/media\/125404"}],"wp:attachment":[{"href":"https:\/\/vinasfm.com\/noticias\/wp-json\/wp\/v2\/media?parent=125403"}],"wp:term":[{"taxonomy":"category","embeddable":true,"href":"https:\/\/vinasfm.com\/noticias\/wp-json\/wp\/v2\/categories?post=125403"},{"taxonomy":"post_tag","embeddable":true,"href":"https:\/\/vinasfm.com\/noticias\/wp-json\/wp\/v2\/tags?post=125403"}],"curies":[{"name":"wp","href":"https:\/\/api.w.org\/{rel}","templated":true}]}}