{"id":125384,"date":"2023-09-04T10:29:31","date_gmt":"2023-09-04T13:29:31","guid":{"rendered":"https:\/\/vinasfm.com\/noticias\/?p=125384"},"modified":"2023-09-06T12:15:36","modified_gmt":"2023-09-06T15:15:36","slug":"colecta-nacional-mas-por-menos","status":"publish","type":"post","link":"https:\/\/vinasfm.com\/noticias\/colecta-nacional-mas-por-menos\/","title":{"rendered":"COLECTA NACIONAL M\u00c1S POR MENOS"},"content":{"rendered":"<div class=\"x11i5rnm xat24cr x1mh8g0r x1vvkbs xtlvy1s x126k92a\">\n<div dir=\"auto\"><strong>El S\u00e1bado 9 y Domingo 10 de Septiembre se realizar\u00e1 la tradicional Colecta Nacional M\u00e1s por Menos en todas las Parroquias, Capillas, Colegios e Instituciones Cat\u00f3licas del pa\u00eds. Este a\u00f1o la colecta lleva por lema \u201cEleg\u00ed Fraternidad, Eleg\u00ed Compartir, Eleg\u00ed Promover\u201d.<\/strong><\/div>\n<div dir=\"auto\"><\/div>\n<\/div>\n<div class=\"x11i5rnm xat24cr x1mh8g0r x1vvkbs xtlvy1s x126k92a\">\n<div dir=\"auto\">Ser\u00e1 la 54\u00aa edici\u00f3n de esta obra, organizada por la Comisi\u00f3n Episcopal de Ayuda a las Regiones M\u00e1s Necesitadas, dependiente de la Conferencia Episcopal Argentina.<\/div>\n<div dir=\"auto\"><\/div>\n<\/div>\n<div class=\"x11i5rnm xat24cr x1mh8g0r x1vvkbs xtlvy1s x126k92a\">\n<div dir=\"auto\">Las donaciones a M\u00e1s por Menos, adem\u00e1s del d\u00eda central de la Colecta en el \u00e1mbito religioso, pueden efectuarse DURANTE TODO EL A\u00d1O, bajo distintas formas de colaboraci\u00f3n: QR &#8211; Tarjetas de Cr\u00e9dito &#8211; Transferencias y Dep\u00f3sitos Bancarios o trav\u00e9s de cualquier sucursal de Pago F\u00e1cil del Pa\u00eds, especialmente en esta Edici\u00f3n, teniendo en cuenta las restricciones en el \u00e1mbito de la Iglesia<\/div>\n<div dir=\"auto\"><a href=\"https:\/\/vinasfm.com\/noticias\/wp-content\/uploads\/2023\/08\/366319650_630999672343879_1610157055133127626_n.jpg\"><img loading=\"lazy\" decoding=\"async\" class=\"wp-image-125385 aligncenter\" src=\"https:\/\/vinasfm.com\/noticias\/wp-content\/uploads\/2023\/08\/366319650_630999672343879_1610157055133127626_n-724x1024.jpg\" alt=\"\" width=\"500\" height=\"707\" srcset=\"https:\/\/vinasfm.com\/noticias\/wp-content\/uploads\/2023\/08\/366319650_630999672343879_1610157055133127626_n-724x1024.jpg 724w, https:\/\/vinasfm.com\/noticias\/wp-content\/uploads\/2023\/08\/366319650_630999672343879_1610157055133127626_n-212x300.jpg 212w, https:\/\/vinasfm.com\/noticias\/wp-content\/uploads\/2023\/08\/366319650_630999672343879_1610157055133127626_n-768x1087.jpg 768w, https:\/\/vinasfm.com\/noticias\/wp-content\/uploads\/2023\/08\/366319650_630999672343879_1610157055133127626_n.jpg 843w\" sizes=\"auto, (max-width: 500px) 100vw, 500px\" \/><\/a><\/div>\n<\/div>\n","protected":false},"excerpt":{"rendered":"<p>El S\u00e1bado 9 y Domingo 10 de Septiembre se realizar\u00e1 la tradicional Colecta Nacional M\u00e1s por Menos en todas las Parroquias, &#8230;<\/p>\n","protected":false},"author":7,"featured_media":125394,"comment_status":"open","ping_status":"open","sticky":false,"template":"","format":"standard","meta":{"footnotes":""},"categories":[1],"tags":[],"class_list":["post-125384","post","type-post","status-publish","format-standard","has-post-thumbnail","hentry","category-fmvinas"],"_links":{"self":[{"href":"https:\/\/vinasfm.com\/noticias\/wp-json\/wp\/v2\/posts\/125384","targetHints":{"allow":["GET"]}}],"collection":[{"href":"https:\/\/vinasfm.com\/noticias\/wp-json\/wp\/v2\/posts"}],"about":[{"href":"https:\/\/vinasfm.com\/noticias\/wp-json\/wp\/v2\/types\/post"}],"author":[{"embeddable":true,"href":"https:\/\/vinasfm.com\/noticias\/wp-json\/wp\/v2\/users\/7"}],"replies":[{"embeddable":true,"href":"https:\/\/vinasfm.com\/noticias\/wp-json\/wp\/v2\/comments?post=125384"}],"version-history":[{"count":1,"href":"https:\/\/vinasfm.com\/noticias\/wp-json\/wp\/v2\/posts\/125384\/revisions"}],"predecessor-version":[{"id":125387,"href":"https:\/\/vinasfm.com\/noticias\/wp-json\/wp\/v2\/posts\/125384\/revisions\/125387"}],"wp:featuredmedia":[{"embeddable":true,"href":"https:\/\/vinasfm.com\/noticias\/wp-json\/wp\/v2\/media\/125394"}],"wp:attachment":[{"href":"https:\/\/vinasfm.com\/noticias\/wp-json\/wp\/v2\/media?parent=125384"}],"wp:term":[{"taxonomy":"category","embeddable":true,"href":"https:\/\/vinasfm.com\/noticias\/wp-json\/wp\/v2\/categories?post=125384"},{"taxonomy":"post_tag","embeddable":true,"href":"https:\/\/vinasfm.com\/noticias\/wp-json\/wp\/v2\/tags?post=125384"}],"curies":[{"name":"wp","href":"https:\/\/api.w.org\/{rel}","templated":true}]}}